{"id":25053,"date":"2022-09-06T13:30:19","date_gmt":"2022-09-06T11:30:19","guid":{"rendered":"https:\/\/blogs.elcomercio.es\/reflexiones-de-belarmino\/?p=25053"},"modified":"2022-09-06T13:30:19","modified_gmt":"2022-09-06T11:30:19","slug":"medgaz-triunfa-sobre-midcat-el-grave-fracaso-de-espana-por-oir-las-sirenas-de-biden","status":"publish","type":"post","link":"https:\/\/blogs.elcomercio.es\/reflexiones-de-belarmino\/2022\/09\/06\/medgaz-triunfa-sobre-midcat-el-grave-fracaso-de-espana-por-oir-las-sirenas-de-biden\/","title":{"rendered":"\u00a1\u00a1\u00a1\u00a1\u00a1MEDGAZ TRIUNFA SOBRE MIDCAT.- EL GRAVE FRACASO DE ESPA\u00d1A POR O\u00cdR LAS SIRENAS DE BIDEN !!!"},"content":{"rendered":"<p><strong>Aquel d\u00eda que Pedro Sanchez, dej\u00f3 que Mohamed VI informase desde Rabat\u00a0 que Espa\u00f1a romp\u00eda la neutralidad con el Sahara y llegaba al acuerdo con Marruecos, el presidente del Gobierno Espa\u00f1ol cometi\u00f3 un grave error.<\/strong><\/p>\n<p><b>La idea era aceptar, a cambio de dejar al pueblo Saharahui como\u00a0Franco lo quiso, el petroleo de fractura que le mandar\u00eda EE:UU para refinarlo en Espa\u00f1a y desde aqu\u00ed distribuirlo a toda Europa.<\/b><\/p>\n<p><strong>A cambio Espa\u00f1a ser\u00eda el gran distribuidor de gas a Europa, y as\u00ed contrarrestar a Rusia, pero se le olvid\u00f3 un peque\u00f1o detalle: ARGELIA.<\/strong><\/p>\n<p><b>Argelia es un pa\u00eds de principios, duro y tan importante como Marruecos, y rompi\u00f3 de inmediato con el proyecto de S\u00e1nchez. Dej\u00f3 de surtir\u00a0el 49 % de petroleo seguro\u00a0de Espa\u00f1a, se abri\u00f3 a Europa, donde llegaron Draghi y Macron, para substituir a Espa\u00f1a como\u00a0socio prioritario.<\/b><\/p>\n<p><strong>Y finalmente dej\u00f3 en manos de Argelia en sociedad con Francia la soluci\u00f3n del problema. Macron\u00a0 tiene un gasoducto entre Argelia y Francia llamado MEDGAZ.<\/strong><\/p>\n<p><strong>De pronto Sanchez fue buscado por Alemania para que a trav\u00e9s de un gasoducto llamado MIDCAT, llevase, via Francia el gas a Alemania y Europa.<\/strong><\/p>\n<p><strong>Pero Macr\u00f3n y Argelia dijeron que no y no va a haber MIDCAT.<\/strong><\/p>\n<p><b>Ahora en los tertulianos se discute \u00bf Por que Macr\u00f3n es tan insolidario con Espa\u00f1a y Alemania?.<\/b><\/p>\n<p><strong>Hace un mes dijimos: &#8221; Se\u00f1or Sanchez, no hay Plan A, ni Plan B.- El gas llegar\u00e1 de Argelia v\u00eda Francia.&#8221;<\/strong><\/p>\n<!-- AddThis Advanced Settings generic via filter on the_content --><!-- AddThis Share Buttons generic via filter on the_content -->","protected":false},"excerpt":{"rendered":"<p>Aquel d\u00eda que Pedro Sanchez, dej\u00f3 que Mohamed VI informase desde Rabat\u00a0 que Espa\u00f1a romp\u00eda la neutralidad con el Sahara y llegaba al acuerdo con Marruecos, el presidente del Gobierno Espa\u00f1ol cometi\u00f3 un grave error. La idea era aceptar, a cambio de dejar al pueblo Saharahui como\u00a0Franco lo quiso, el petroleo de fractura que le [&hellip;]<!-- AddThis Advanced Settings generic via filter on get_the_excerpt --><!-- AddThis Share Buttons generic via filter on get_the_excerpt --><\/p>\n","protected":false},"author":16,"featured_media":0,"comment_status":"open","ping_status":"closed","sticky":false,"template":"","format":"standard","meta":[],"categories":[1],"tags":[],"_links":{"self":[{"href":"https:\/\/blogs.elcomercio.es\/reflexiones-de-belarmino\/wp-json\/wp\/v2\/posts\/25053"}],"collection":[{"href":"https:\/\/blogs.elcomercio.es\/reflexiones-de-belarmino\/wp-json\/wp\/v2\/posts"}],"about":[{"href":"https:\/\/blogs.elcomercio.es\/reflexiones-de-belarmino\/wp-json\/wp\/v2\/types\/post"}],"author":[{"embeddable":true,"href":"https:\/\/blogs.elcomercio.es\/reflexiones-de-belarmino\/wp-json\/wp\/v2\/users\/16"}],"replies":[{"embeddable":true,"href":"https:\/\/blogs.elcomercio.es\/reflexiones-de-belarmino\/wp-json\/wp\/v2\/comments?post=25053"}],"version-history":[{"count":2,"href":"https:\/\/blogs.elcomercio.es\/reflexiones-de-belarmino\/wp-json\/wp\/v2\/posts\/25053\/revisions"}],"predecessor-version":[{"id":25055,"href":"https:\/\/blogs.elcomercio.es\/reflexiones-de-belarmino\/wp-json\/wp\/v2\/posts\/25053\/revisions\/25055"}],"wp:attachment":[{"href":"https:\/\/blogs.elcomercio.es\/reflexiones-de-belarmino\/wp-json\/wp\/v2\/media?parent=25053"}],"wp:term":[{"taxonomy":"category","embeddable":true,"href":"https:\/\/blogs.elcomercio.es\/reflexiones-de-belarmino\/wp-json\/wp\/v2\/categories?post=25053"},{"taxonomy":"post_tag","embeddable":true,"href":"https:\/\/blogs.elcomercio.es\/reflexiones-de-belarmino\/wp-json\/wp\/v2\/tags?post=25053"}],"curies":[{"name":"wp","href":"https:\/\/api.w.org\/{rel}","templated":true}]}}