{"id":25056,"date":"2022-09-06T17:27:26","date_gmt":"2022-09-06T15:27:26","guid":{"rendered":"https:\/\/blogs.elcomercio.es\/reflexiones-de-belarmino\/?p=25056"},"modified":"2022-09-06T17:27:26","modified_gmt":"2022-09-06T15:27:26","slug":"dictamen-de-la-oiea-urgente-establecer-zona-de-proteccion-segura-de-la-central-para-evitar-un-accidente-nuclear","status":"publish","type":"post","link":"https:\/\/blogs.elcomercio.es\/reflexiones-de-belarmino\/2022\/09\/06\/dictamen-de-la-oiea-urgente-establecer-zona-de-proteccion-segura-de-la-central-para-evitar-un-accidente-nuclear\/","title":{"rendered":"\u00a1\u00a1\u00a1\u00a1DICTAMEN DE LA OIEA.- &#8221; URGENTE ESTABLECER ZONA DE PROTECCI\u00d3N SEGURA DE LA CENTRAL PARA EVITAR UN ACCIDENTE NUCLEAR &#8220;!!!!"},"content":{"rendered":"<p><b>Acaba de emitir su esperado informe tras la visita a la Central Nuclear de Zaporityia, la comisi\u00f3n de la Organizaci\u00f3n\u00a0Internacional de Energ\u00eda At\u00f3mica, donde dice:<\/b><\/p>\n<p><em><b>&#8220;ES URGENTE ESTABLECER UNA ZONA DE PROTECCI\u00d3N\u00a0Y SEGURIDAD PARA EVITAR CUALQUIER RIESGO NUCLEAR.&#8221;<\/b><\/em><\/p>\n<p>&nbsp;<\/p>\n<!-- AddThis Advanced Settings generic via filter on the_content --><!-- AddThis Share Buttons generic via filter on the_content -->","protected":false},"excerpt":{"rendered":"<p>Acaba de emitir su esperado informe tras la visita a la Central Nuclear de Zaporityia, la comisi\u00f3n de la Organizaci\u00f3n\u00a0Internacional de Energ\u00eda At\u00f3mica, donde dice: &#8220;ES URGENTE ESTABLECER UNA ZONA DE PROTECCI\u00d3N\u00a0Y SEGURIDAD PARA EVITAR CUALQUIER RIESGO NUCLEAR.&#8221; &nbsp;<!-- AddThis Advanced Settings generic via filter on get_the_excerpt --><!-- AddThis Share Buttons generic via filter on get_the_excerpt --><\/p>\n","protected":false},"author":16,"featured_media":0,"comment_status":"open","ping_status":"closed","sticky":false,"template":"","format":"standard","meta":[],"categories":[1],"tags":[],"_links":{"self":[{"href":"https:\/\/blogs.elcomercio.es\/reflexiones-de-belarmino\/wp-json\/wp\/v2\/posts\/25056"}],"collection":[{"href":"https:\/\/blogs.elcomercio.es\/reflexiones-de-belarmino\/wp-json\/wp\/v2\/posts"}],"about":[{"href":"https:\/\/blogs.elcomercio.es\/reflexiones-de-belarmino\/wp-json\/wp\/v2\/types\/post"}],"author":[{"embeddable":true,"href":"https:\/\/blogs.elcomercio.es\/reflexiones-de-belarmino\/wp-json\/wp\/v2\/users\/16"}],"replies":[{"embeddable":true,"href":"https:\/\/blogs.elcomercio.es\/reflexiones-de-belarmino\/wp-json\/wp\/v2\/comments?post=25056"}],"version-history":[{"count":1,"href":"https:\/\/blogs.elcomercio.es\/reflexiones-de-belarmino\/wp-json\/wp\/v2\/posts\/25056\/revisions"}],"predecessor-version":[{"id":25057,"href":"https:\/\/blogs.elcomercio.es\/reflexiones-de-belarmino\/wp-json\/wp\/v2\/posts\/25056\/revisions\/25057"}],"wp:attachment":[{"href":"https:\/\/blogs.elcomercio.es\/reflexiones-de-belarmino\/wp-json\/wp\/v2\/media?parent=25056"}],"wp:term":[{"taxonomy":"category","embeddable":true,"href":"https:\/\/blogs.elcomercio.es\/reflexiones-de-belarmino\/wp-json\/wp\/v2\/categories?post=25056"},{"taxonomy":"post_tag","embeddable":true,"href":"https:\/\/blogs.elcomercio.es\/reflexiones-de-belarmino\/wp-json\/wp\/v2\/tags?post=25056"}],"curies":[{"name":"wp","href":"https:\/\/api.w.org\/{rel}","templated":true}]}}