{"id":25058,"date":"2022-09-06T18:20:11","date_gmt":"2022-09-06T16:20:11","guid":{"rendered":"https:\/\/blogs.elcomercio.es\/reflexiones-de-belarmino\/?p=25058"},"modified":"2022-09-06T18:20:11","modified_gmt":"2022-09-06T16:20:11","slug":"lopez-obrador-tomo-el-ejemplo-de-espana-de-la-guardia-civil-para-crear-la-guardia-nacional","status":"publish","type":"post","link":"https:\/\/blogs.elcomercio.es\/reflexiones-de-belarmino\/2022\/09\/06\/lopez-obrador-tomo-el-ejemplo-de-espana-de-la-guardia-civil-para-crear-la-guardia-nacional\/","title":{"rendered":"\u00a1\u00a1\u00a1LOPEZ OBRADOR TOM\u00d3 EL EJEMPLO DE ESPA\u00d1A DE LA GUARDIA CIVIL PARA CREAR LA GUARDIA NACIONAL !!"},"content":{"rendered":"<p><b>En su Ma\u00f1anera el presidente mexicano explic\u00f3 la creaci\u00f3n de la Guardia Nacional(hoy 125,000 elementos) dependientes del Ejercito, para enfrentar la delincuencia, y puso como ejemplo el caso de Espa\u00f1a con la Guardia Civil.<\/b><\/p>\n<p><b>Desde Salinas hace 30 a\u00f1os la Polic\u00eda\u00a0Federal se fue convirtiendo en aliados de los narcos, entr\u00f3 en descomposici\u00f3n y lleg\u00f3 al nivel del hombre que era Secretario de Seguridad Publica de Felipe Calder\u00f3n, Genaro Garc\u00eda Luna, hoy juzgado en los Estados Unidos.<\/b><\/p>\n<p><b>Esos polic\u00edas, los educaron a todos en el Cesid( nuestro Cisen), y los usaron los 5 presidentes neoliberales como Secretarios de Seguridad P\u00fablica y ellos daban instrucciones al Ejercito y a la Marina. para reprimir. Por ello, Calder\u00f3n dej\u00f3 m\u00e1s de 100,000 muertos y P\u00ea\u00f1a Nieto m\u00e1s de 150,000.<\/b><\/p>\n<p><b>L\u00f3pez Obrador hizo lo contrario. Est\u00e1n en la c\u00e1rcel en M\u00e9xico o en Estados Unidos\u00a0aquellos todopoderosos que\u00a0eran el vinculo con cada Cartel de su Presidente y reprim\u00eda usando al ejercito.<\/b><\/p>\n<p><b>El lo que hizo fue\u00a0incorporar a la Cuarta Transformaci\u00f3n no s\u00f3lo a los principales empresarios, sino al Ejercito y la Marina, para construir el modelo de naci\u00f3n que ha surgido\u00a0 y fue formando suavemente la Guardia\u00a0Nacional. Ahora mand\u00f3 un decreto para que la Guardia Nacional dependa del Ejercito, para que no se repita la corrupci\u00f3n.<\/b><\/p>\n<p><b>Hace un momento, ante las cr\u00edticas de la oligarqu\u00eda lanzada contra \u00e9l, a trav\u00e9s de diarios y periodistas que perdieron sus prebendas, puso el ejemplo de Espa\u00f1a y Francia.\u00a0<\/b><\/p>\n<p><strong>El ejemplo lo tom\u00f3 del papel de la Guardia Civil, dependiente del Ejercito, pero con funciones de seguridad p\u00fablica, de Espa\u00f1a.<\/strong><\/p>\n<!-- AddThis Advanced Settings generic via filter on the_content --><!-- AddThis Share Buttons generic via filter on the_content -->","protected":false},"excerpt":{"rendered":"<p>En su Ma\u00f1anera el presidente mexicano explic\u00f3 la creaci\u00f3n de la Guardia Nacional(hoy 125,000 elementos) dependientes del Ejercito, para enfrentar la delincuencia, y puso como ejemplo el caso de Espa\u00f1a con la Guardia Civil. Desde Salinas hace 30 a\u00f1os la Polic\u00eda\u00a0Federal se fue convirtiendo en aliados de los narcos, entr\u00f3 en descomposici\u00f3n y lleg\u00f3 al [&hellip;]<!-- AddThis Advanced Settings generic via filter on get_the_excerpt --><!-- AddThis Share Buttons generic via filter on get_the_excerpt --><\/p>\n","protected":false},"author":16,"featured_media":0,"comment_status":"open","ping_status":"closed","sticky":false,"template":"","format":"standard","meta":[],"categories":[1],"tags":[],"_links":{"self":[{"href":"https:\/\/blogs.elcomercio.es\/reflexiones-de-belarmino\/wp-json\/wp\/v2\/posts\/25058"}],"collection":[{"href":"https:\/\/blogs.elcomercio.es\/reflexiones-de-belarmino\/wp-json\/wp\/v2\/posts"}],"about":[{"href":"https:\/\/blogs.elcomercio.es\/reflexiones-de-belarmino\/wp-json\/wp\/v2\/types\/post"}],"author":[{"embeddable":true,"href":"https:\/\/blogs.elcomercio.es\/reflexiones-de-belarmino\/wp-json\/wp\/v2\/users\/16"}],"replies":[{"embeddable":true,"href":"https:\/\/blogs.elcomercio.es\/reflexiones-de-belarmino\/wp-json\/wp\/v2\/comments?post=25058"}],"version-history":[{"count":3,"href":"https:\/\/blogs.elcomercio.es\/reflexiones-de-belarmino\/wp-json\/wp\/v2\/posts\/25058\/revisions"}],"predecessor-version":[{"id":25061,"href":"https:\/\/blogs.elcomercio.es\/reflexiones-de-belarmino\/wp-json\/wp\/v2\/posts\/25058\/revisions\/25061"}],"wp:attachment":[{"href":"https:\/\/blogs.elcomercio.es\/reflexiones-de-belarmino\/wp-json\/wp\/v2\/media?parent=25058"}],"wp:term":[{"taxonomy":"category","embeddable":true,"href":"https:\/\/blogs.elcomercio.es\/reflexiones-de-belarmino\/wp-json\/wp\/v2\/categories?post=25058"},{"taxonomy":"post_tag","embeddable":true,"href":"https:\/\/blogs.elcomercio.es\/reflexiones-de-belarmino\/wp-json\/wp\/v2\/tags?post=25058"}],"curies":[{"name":"wp","href":"https:\/\/api.w.org\/{rel}","templated":true}]}}