{"id":25066,"date":"2022-09-07T08:41:38","date_gmt":"2022-09-07T06:41:38","guid":{"rendered":"https:\/\/blogs.elcomercio.es\/reflexiones-de-belarmino\/?p=25066"},"modified":"2022-09-07T08:41:38","modified_gmt":"2022-09-07T06:41:38","slug":"de-gabriel-boric-a-nunez-feijoo","status":"publish","type":"post","link":"https:\/\/blogs.elcomercio.es\/reflexiones-de-belarmino\/2022\/09\/07\/de-gabriel-boric-a-nunez-feijoo\/","title":{"rendered":"\u00a1\u00a1\u00a1\u00a1\u00a1 DE GABRIEL BORIC A NU\u00d1EZ FEIJ\u00d3O !!"},"content":{"rendered":"<p><b>Hace unos d\u00edas, el pueblo chileno que hab\u00eda salido en masa para cambiar la Constituci\u00f3n de Pinochet,dijo NO a la nueva Carta Magna. Fue un duro golpe al nuevo presidente Gabriel Boric, pero reaccion\u00f3 de inmediato: ESCUCHO LA VOZ DEL PUEBLO, y cambi\u00f3 de inmediato a parte de su gobierno para hacer los ajustes que, en su m\u00e1xima expresi\u00f3n, la voluntad popular hab\u00eda\u00a0rechazado.<\/b><\/p>\n<p><b>En Espa\u00f1a, los herederos del franquismo en el Tercer Poder, el Judicial, llevan 4 a\u00f1os incumpliendo la Constituci\u00f3n al no permitir\u00a0el cambio del Poder Judicial.<\/b><\/p>\n<p><b>Nosotros hablamos de la democracia europea y nos desga\u00f1itamos por la defensa de la democracia\u00a0en Ucrania, fuente de toda la\u00a0 crisis mundial.<\/b><\/p>\n<p><strong>Debemos ser congruentes.<\/strong><\/p>\n<p>&nbsp;<\/p>\n<!-- AddThis Advanced Settings generic via filter on the_content --><!-- AddThis Share Buttons generic via filter on the_content -->","protected":false},"excerpt":{"rendered":"<p>Hace unos d\u00edas, el pueblo chileno que hab\u00eda salido en masa para cambiar la Constituci\u00f3n de Pinochet,dijo NO a la nueva Carta Magna. Fue un duro golpe al nuevo presidente Gabriel Boric, pero reaccion\u00f3 de inmediato: ESCUCHO LA VOZ DEL PUEBLO, y cambi\u00f3 de inmediato a parte de su gobierno para hacer los ajustes que, [&hellip;]<!-- AddThis Advanced Settings generic via filter on get_the_excerpt --><!-- AddThis Share Buttons generic via filter on get_the_excerpt --><\/p>\n","protected":false},"author":16,"featured_media":0,"comment_status":"open","ping_status":"closed","sticky":false,"template":"","format":"standard","meta":[],"categories":[1],"tags":[],"_links":{"self":[{"href":"https:\/\/blogs.elcomercio.es\/reflexiones-de-belarmino\/wp-json\/wp\/v2\/posts\/25066"}],"collection":[{"href":"https:\/\/blogs.elcomercio.es\/reflexiones-de-belarmino\/wp-json\/wp\/v2\/posts"}],"about":[{"href":"https:\/\/blogs.elcomercio.es\/reflexiones-de-belarmino\/wp-json\/wp\/v2\/types\/post"}],"author":[{"embeddable":true,"href":"https:\/\/blogs.elcomercio.es\/reflexiones-de-belarmino\/wp-json\/wp\/v2\/users\/16"}],"replies":[{"embeddable":true,"href":"https:\/\/blogs.elcomercio.es\/reflexiones-de-belarmino\/wp-json\/wp\/v2\/comments?post=25066"}],"version-history":[{"count":1,"href":"https:\/\/blogs.elcomercio.es\/reflexiones-de-belarmino\/wp-json\/wp\/v2\/posts\/25066\/revisions"}],"predecessor-version":[{"id":25067,"href":"https:\/\/blogs.elcomercio.es\/reflexiones-de-belarmino\/wp-json\/wp\/v2\/posts\/25066\/revisions\/25067"}],"wp:attachment":[{"href":"https:\/\/blogs.elcomercio.es\/reflexiones-de-belarmino\/wp-json\/wp\/v2\/media?parent=25066"}],"wp:term":[{"taxonomy":"category","embeddable":true,"href":"https:\/\/blogs.elcomercio.es\/reflexiones-de-belarmino\/wp-json\/wp\/v2\/categories?post=25066"},{"taxonomy":"post_tag","embeddable":true,"href":"https:\/\/blogs.elcomercio.es\/reflexiones-de-belarmino\/wp-json\/wp\/v2\/tags?post=25066"}],"curies":[{"name":"wp","href":"https:\/\/api.w.org\/{rel}","templated":true}]}}