{"id":25077,"date":"2022-09-07T15:05:58","date_gmt":"2022-09-07T13:05:58","guid":{"rendered":"https:\/\/blogs.elcomercio.es\/reflexiones-de-belarmino\/?p=25077"},"modified":"2022-09-07T15:05:58","modified_gmt":"2022-09-07T13:05:58","slug":"en-mexico-funciono-por-que-en-espana-no-la-cesta-carrefour","status":"publish","type":"post","link":"https:\/\/blogs.elcomercio.es\/reflexiones-de-belarmino\/2022\/09\/07\/en-mexico-funciono-por-que-en-espana-no-la-cesta-carrefour\/","title":{"rendered":"\u00a1\u00a1\u00a1\u00a1\u00a1\u00a1EN MEXICO FUNCION\u00d3, \u00bfPOR QUE EN ESPA\u00d1A NO ?.- LA CESTA CARREFOUR !!!"},"content":{"rendered":"<p><b>Hace un mes informamos que para detener la inflaci\u00f3n en M\u00e9xico, se hab\u00edan aplicado medidas muy \u00fatiles. Los bajos precios de la gasolina y la electricidad, que son del Estado fueron dos medidas. La tercera de sentido com\u00fan : LA\u00a0 CANASTA B\u00c1SICA\u00a0DE 26 ALIMENTOS de com\u00fan acuerdo\u00a0entre el gobierno y los grandes empresarios.<\/b><\/p>\n<p><b>Hoy Yolanda D\u00edaz lo hizo, inteligente mente\u00a0en Espa\u00f1a. Fue a un poderosa cadena comercial, se lo explic\u00f3, ellos aceptaron y desd<\/b><b>e hoy va a haber los que se ha llamado la CESTA CARREFOUR, que incluir\u00e1 a entre 20 y 30 productos b\u00e1sicos.<\/b><\/p>\n<p><strong>No tenga usted duda, que el resto de las grandes superficies se van a adherir a ella.<\/strong><\/p>\n<p>&nbsp;<\/p>\n<p>&nbsp;<\/p>\n<!-- AddThis Advanced Settings generic via filter on the_content --><!-- AddThis Share Buttons generic via filter on the_content -->","protected":false},"excerpt":{"rendered":"<p>Hace un mes informamos que para detener la inflaci\u00f3n en M\u00e9xico, se hab\u00edan aplicado medidas muy \u00fatiles. Los bajos precios de la gasolina y la electricidad, que son del Estado fueron dos medidas. La tercera de sentido com\u00fan : LA\u00a0 CANASTA B\u00c1SICA\u00a0DE 26 ALIMENTOS de com\u00fan acuerdo\u00a0entre el gobierno y los grandes empresarios. Hoy Yolanda [&hellip;]<!-- AddThis Advanced Settings generic via filter on get_the_excerpt --><!-- AddThis Share Buttons generic via filter on get_the_excerpt --><\/p>\n","protected":false},"author":16,"featured_media":0,"comment_status":"open","ping_status":"closed","sticky":false,"template":"","format":"standard","meta":[],"categories":[1],"tags":[],"_links":{"self":[{"href":"https:\/\/blogs.elcomercio.es\/reflexiones-de-belarmino\/wp-json\/wp\/v2\/posts\/25077"}],"collection":[{"href":"https:\/\/blogs.elcomercio.es\/reflexiones-de-belarmino\/wp-json\/wp\/v2\/posts"}],"about":[{"href":"https:\/\/blogs.elcomercio.es\/reflexiones-de-belarmino\/wp-json\/wp\/v2\/types\/post"}],"author":[{"embeddable":true,"href":"https:\/\/blogs.elcomercio.es\/reflexiones-de-belarmino\/wp-json\/wp\/v2\/users\/16"}],"replies":[{"embeddable":true,"href":"https:\/\/blogs.elcomercio.es\/reflexiones-de-belarmino\/wp-json\/wp\/v2\/comments?post=25077"}],"version-history":[{"count":1,"href":"https:\/\/blogs.elcomercio.es\/reflexiones-de-belarmino\/wp-json\/wp\/v2\/posts\/25077\/revisions"}],"predecessor-version":[{"id":25078,"href":"https:\/\/blogs.elcomercio.es\/reflexiones-de-belarmino\/wp-json\/wp\/v2\/posts\/25077\/revisions\/25078"}],"wp:attachment":[{"href":"https:\/\/blogs.elcomercio.es\/reflexiones-de-belarmino\/wp-json\/wp\/v2\/media?parent=25077"}],"wp:term":[{"taxonomy":"category","embeddable":true,"href":"https:\/\/blogs.elcomercio.es\/reflexiones-de-belarmino\/wp-json\/wp\/v2\/categories?post=25077"},{"taxonomy":"post_tag","embeddable":true,"href":"https:\/\/blogs.elcomercio.es\/reflexiones-de-belarmino\/wp-json\/wp\/v2\/tags?post=25077"}],"curies":[{"name":"wp","href":"https:\/\/api.w.org\/{rel}","templated":true}]}}