{"id":25079,"date":"2022-09-07T15:26:49","date_gmt":"2022-09-07T13:26:49","guid":{"rendered":"https:\/\/blogs.elcomercio.es\/reflexiones-de-belarmino\/?p=25079"},"modified":"2022-09-07T15:26:49","modified_gmt":"2022-09-07T13:26:49","slug":"crisis-en-el-poder-judicial-ante-la-paralisis-nacional-lesmes-amenaza-con-renunciar","status":"publish","type":"post","link":"https:\/\/blogs.elcomercio.es\/reflexiones-de-belarmino\/2022\/09\/07\/crisis-en-el-poder-judicial-ante-la-paralisis-nacional-lesmes-amenaza-con-renunciar\/","title":{"rendered":"\u00a1\u00a1\u00a1\u00a1CRISIS EN EL PODER JUDICIAL,. ANTE LA PAR\u00c1LISIS NACIONAL LESMES AMENAZA CON RENUNCIAR!!"},"content":{"rendered":"<p><strong>En el evento, presidido por el rey Felipe VI, se inici\u00f3 el Curso Judicial en Espa\u00f1a, bajo los peores augurios.Tan fuerte, tan cr\u00edtica es el hecho de que haya una anticonstitucional no renovaci\u00f3n del poder judicial al que se ha opuesto el Partido Popular, al grado de que Carlos Lesmes, fue claro:&#8221;Me dirijo al Presidente del Gobierno y al lider de la oposici\u00f3n:\u00bf O resuelven esta par\u00e1lisis o renuncio ?.&#8221;<\/strong><\/p>\n<p><b>Lesmes tuvo que responderle despu\u00e9s a Nu\u00f1ez Feij\u00f3o que dijo: &#8221; los cambios no se inician con el capit\u00e1n&#8221;, lo que molest\u00f3 a la m\u00e1xima\u00a0autoridad del tercer poder del Estado, quien le replic\u00f3.<\/b><\/p>\n<p><strong>\u00bf Que clase de democracia tenemos en Espa\u00f1a cuando los herederos del franquismo, impiden los Cambios Constitucionales desde hace 4 a\u00f1os ?.<\/strong><\/p>\n<p><strong>\u00bf Que clase de Transici\u00f3n se nos ha querido vender a los espa\u00f1oles?:<\/strong><\/p>\n<p>&nbsp;<\/p>\n<!-- AddThis Advanced Settings generic via filter on the_content --><!-- AddThis Share Buttons generic via filter on the_content -->","protected":false},"excerpt":{"rendered":"<p>En el evento, presidido por el rey Felipe VI, se inici\u00f3 el Curso Judicial en Espa\u00f1a, bajo los peores augurios.Tan fuerte, tan cr\u00edtica es el hecho de que haya una anticonstitucional no renovaci\u00f3n del poder judicial al que se ha opuesto el Partido Popular, al grado de que Carlos Lesmes, fue claro:&#8221;Me dirijo al Presidente [&hellip;]<!-- AddThis Advanced Settings generic via filter on get_the_excerpt --><!-- AddThis Share Buttons generic via filter on get_the_excerpt --><\/p>\n","protected":false},"author":16,"featured_media":0,"comment_status":"open","ping_status":"closed","sticky":false,"template":"","format":"standard","meta":[],"categories":[1],"tags":[],"_links":{"self":[{"href":"https:\/\/blogs.elcomercio.es\/reflexiones-de-belarmino\/wp-json\/wp\/v2\/posts\/25079"}],"collection":[{"href":"https:\/\/blogs.elcomercio.es\/reflexiones-de-belarmino\/wp-json\/wp\/v2\/posts"}],"about":[{"href":"https:\/\/blogs.elcomercio.es\/reflexiones-de-belarmino\/wp-json\/wp\/v2\/types\/post"}],"author":[{"embeddable":true,"href":"https:\/\/blogs.elcomercio.es\/reflexiones-de-belarmino\/wp-json\/wp\/v2\/users\/16"}],"replies":[{"embeddable":true,"href":"https:\/\/blogs.elcomercio.es\/reflexiones-de-belarmino\/wp-json\/wp\/v2\/comments?post=25079"}],"version-history":[{"count":1,"href":"https:\/\/blogs.elcomercio.es\/reflexiones-de-belarmino\/wp-json\/wp\/v2\/posts\/25079\/revisions"}],"predecessor-version":[{"id":25080,"href":"https:\/\/blogs.elcomercio.es\/reflexiones-de-belarmino\/wp-json\/wp\/v2\/posts\/25079\/revisions\/25080"}],"wp:attachment":[{"href":"https:\/\/blogs.elcomercio.es\/reflexiones-de-belarmino\/wp-json\/wp\/v2\/media?parent=25079"}],"wp:term":[{"taxonomy":"category","embeddable":true,"href":"https:\/\/blogs.elcomercio.es\/reflexiones-de-belarmino\/wp-json\/wp\/v2\/categories?post=25079"},{"taxonomy":"post_tag","embeddable":true,"href":"https:\/\/blogs.elcomercio.es\/reflexiones-de-belarmino\/wp-json\/wp\/v2\/tags?post=25079"}],"curies":[{"name":"wp","href":"https:\/\/api.w.org\/{rel}","templated":true}]}}