{"id":25081,"date":"2022-09-07T15:32:50","date_gmt":"2022-09-07T13:32:50","guid":{"rendered":"https:\/\/blogs.elcomercio.es\/reflexiones-de-belarmino\/?p=25081"},"modified":"2022-09-07T15:32:50","modified_gmt":"2022-09-07T13:32:50","slug":"el-fbi-hallo-en-la-mansion-de-trump-un-delicadisimo-documento-sobre-armas-nucleares-de-otro-pais-the-washington-post","status":"publish","type":"post","link":"https:\/\/blogs.elcomercio.es\/reflexiones-de-belarmino\/2022\/09\/07\/el-fbi-hallo-en-la-mansion-de-trump-un-delicadisimo-documento-sobre-armas-nucleares-de-otro-pais-the-washington-post\/","title":{"rendered":"\u00a1\u00a1\u00a1\u00a1\u00a1&#8221;EL FBI HALL\u00d3 EN LA MANSI\u00d3N DE TRUMP UN &#8220;DELICAD\u00cdSIMO&#8221; DOCUMENTO SOBRE ARMAS NUCLEARES DE OTRO PA\u00cdS&#8221;: THE WASHINGTON POST !!! !!!"},"content":{"rendered":"<p><strong>Hoy publica The Washington Post, que el FBI, encontr\u00f3 entre los papeles que se hab\u00edan llevado a su mansi\u00f3n Donald Trump, un &#8221; delicad\u00edsimo&#8221; documento sobre las armas nucleares de otro pa\u00eds .<\/strong><\/p>\n<!-- AddThis Advanced Settings generic via filter on the_content --><!-- AddThis Share Buttons generic via filter on the_content -->","protected":false},"excerpt":{"rendered":"<p>Hoy publica The Washington Post, que el FBI, encontr\u00f3 entre los papeles que se hab\u00edan llevado a su mansi\u00f3n Donald Trump, un &#8221; delicad\u00edsimo&#8221; documento sobre las armas nucleares de otro pa\u00eds .<!-- AddThis Advanced Settings generic via filter on get_the_excerpt --><!-- AddThis Share Buttons generic via filter on get_the_excerpt --><\/p>\n","protected":false},"author":16,"featured_media":0,"comment_status":"open","ping_status":"closed","sticky":false,"template":"","format":"standard","meta":[],"categories":[1],"tags":[],"_links":{"self":[{"href":"https:\/\/blogs.elcomercio.es\/reflexiones-de-belarmino\/wp-json\/wp\/v2\/posts\/25081"}],"collection":[{"href":"https:\/\/blogs.elcomercio.es\/reflexiones-de-belarmino\/wp-json\/wp\/v2\/posts"}],"about":[{"href":"https:\/\/blogs.elcomercio.es\/reflexiones-de-belarmino\/wp-json\/wp\/v2\/types\/post"}],"author":[{"embeddable":true,"href":"https:\/\/blogs.elcomercio.es\/reflexiones-de-belarmino\/wp-json\/wp\/v2\/users\/16"}],"replies":[{"embeddable":true,"href":"https:\/\/blogs.elcomercio.es\/reflexiones-de-belarmino\/wp-json\/wp\/v2\/comments?post=25081"}],"version-history":[{"count":2,"href":"https:\/\/blogs.elcomercio.es\/reflexiones-de-belarmino\/wp-json\/wp\/v2\/posts\/25081\/revisions"}],"predecessor-version":[{"id":25083,"href":"https:\/\/blogs.elcomercio.es\/reflexiones-de-belarmino\/wp-json\/wp\/v2\/posts\/25081\/revisions\/25083"}],"wp:attachment":[{"href":"https:\/\/blogs.elcomercio.es\/reflexiones-de-belarmino\/wp-json\/wp\/v2\/media?parent=25081"}],"wp:term":[{"taxonomy":"category","embeddable":true,"href":"https:\/\/blogs.elcomercio.es\/reflexiones-de-belarmino\/wp-json\/wp\/v2\/categories?post=25081"},{"taxonomy":"post_tag","embeddable":true,"href":"https:\/\/blogs.elcomercio.es\/reflexiones-de-belarmino\/wp-json\/wp\/v2\/tags?post=25081"}],"curies":[{"name":"wp","href":"https:\/\/api.w.org\/{rel}","templated":true}]}}