{"id":25088,"date":"2022-09-07T16:44:22","date_gmt":"2022-09-07T14:44:22","guid":{"rendered":"https:\/\/blogs.elcomercio.es\/reflexiones-de-belarmino\/?p=25088"},"modified":"2022-09-07T16:44:22","modified_gmt":"2022-09-07T14:44:22","slug":"erdogan-un-error-de-occidente-haber-querido-cercar-a-rusia","status":"publish","type":"post","link":"https:\/\/blogs.elcomercio.es\/reflexiones-de-belarmino\/2022\/09\/07\/erdogan-un-error-de-occidente-haber-querido-cercar-a-rusia\/","title":{"rendered":"\u00a1\u00a1\u00a1\u00a1\u00a1\u00a1ERDOGAN: &#8221; UN ERROR DE OCCIDENTE HABER  QUERIDO CERCAR A RUSIA &#8220;!!!!"},"content":{"rendered":"<p><b>El \u00fanico interlocutor de la Uni\u00f3n\u00a0Europea con Vladimir Putin, es Erdogan el presidente de Turqu\u00eda.Conoce muy bien toda la situaci\u00f3n y es aceptado por Rusia y Ucrania, como se mostr\u00f3 en el acuerdo para la salida de los cereales.<\/b><\/p>\n<p><strong>Hoy ha declarado: &#8221; UN ERROR DE OCCIDENTE EL HABER QUERIDO CERCAR A RUSIA &#8220;<\/strong><\/p>\n<!-- AddThis Advanced Settings generic via filter on the_content --><!-- AddThis Share Buttons generic via filter on the_content -->","protected":false},"excerpt":{"rendered":"<p>El \u00fanico interlocutor de la Uni\u00f3n\u00a0Europea con Vladimir Putin, es Erdogan el presidente de Turqu\u00eda.Conoce muy bien toda la situaci\u00f3n y es aceptado por Rusia y Ucrania, como se mostr\u00f3 en el acuerdo para la salida de los cereales. Hoy ha declarado: &#8221; UN ERROR DE OCCIDENTE EL HABER QUERIDO CERCAR A RUSIA &#8220;<!-- AddThis Advanced Settings generic via filter on get_the_excerpt --><!-- AddThis Share Buttons generic via filter on get_the_excerpt --><\/p>\n","protected":false},"author":16,"featured_media":0,"comment_status":"open","ping_status":"closed","sticky":false,"template":"","format":"standard","meta":[],"categories":[1],"tags":[],"_links":{"self":[{"href":"https:\/\/blogs.elcomercio.es\/reflexiones-de-belarmino\/wp-json\/wp\/v2\/posts\/25088"}],"collection":[{"href":"https:\/\/blogs.elcomercio.es\/reflexiones-de-belarmino\/wp-json\/wp\/v2\/posts"}],"about":[{"href":"https:\/\/blogs.elcomercio.es\/reflexiones-de-belarmino\/wp-json\/wp\/v2\/types\/post"}],"author":[{"embeddable":true,"href":"https:\/\/blogs.elcomercio.es\/reflexiones-de-belarmino\/wp-json\/wp\/v2\/users\/16"}],"replies":[{"embeddable":true,"href":"https:\/\/blogs.elcomercio.es\/reflexiones-de-belarmino\/wp-json\/wp\/v2\/comments?post=25088"}],"version-history":[{"count":1,"href":"https:\/\/blogs.elcomercio.es\/reflexiones-de-belarmino\/wp-json\/wp\/v2\/posts\/25088\/revisions"}],"predecessor-version":[{"id":25089,"href":"https:\/\/blogs.elcomercio.es\/reflexiones-de-belarmino\/wp-json\/wp\/v2\/posts\/25088\/revisions\/25089"}],"wp:attachment":[{"href":"https:\/\/blogs.elcomercio.es\/reflexiones-de-belarmino\/wp-json\/wp\/v2\/media?parent=25088"}],"wp:term":[{"taxonomy":"category","embeddable":true,"href":"https:\/\/blogs.elcomercio.es\/reflexiones-de-belarmino\/wp-json\/wp\/v2\/categories?post=25088"},{"taxonomy":"post_tag","embeddable":true,"href":"https:\/\/blogs.elcomercio.es\/reflexiones-de-belarmino\/wp-json\/wp\/v2\/tags?post=25088"}],"curies":[{"name":"wp","href":"https:\/\/api.w.org\/{rel}","templated":true}]}}