{"id":25090,"date":"2022-09-07T17:32:39","date_gmt":"2022-09-07T15:32:39","guid":{"rendered":"https:\/\/blogs.elcomercio.es\/reflexiones-de-belarmino\/?p=25090"},"modified":"2022-09-07T17:32:39","modified_gmt":"2022-09-07T15:32:39","slug":"70-aprobacion-de-amlo-grito-con-evo-morales-y-jose-mujica-y-sorteo-de-20-macroterenos-en-las-playas-de-sinaloa","status":"publish","type":"post","link":"https:\/\/blogs.elcomercio.es\/reflexiones-de-belarmino\/2022\/09\/07\/70-aprobacion-de-amlo-grito-con-evo-morales-y-jose-mujica-y-sorteo-de-20-macroterenos-en-las-playas-de-sinaloa\/","title":{"rendered":"\u00a1\u00a1\u00a1\u00a170 % APROBACION DE AMLO, GRITO CON EVO MORALES Y JOSE MUJICA Y SORTEO DE 20 MACROTERENOS EN LAS PLAYAS DE SINALOA !!!"},"content":{"rendered":"<p><b>&#8220;No lo entienden, dec\u00eda de los conservadores que apoyan a Iberdrola\u00a0 y no a la Comisi\u00f3n Federal de Electricidad como el periodico Reforma, y est\u00e1n contra el presidente&#8221;. &#8220;\u00bf C\u00f3mo es posible\u00a0que, seg\u00fan\u00a0la agencia Mitosky, L\u00f3pez Obrador tiene el 70 % de aprobaci\u00f3n.Este pueblo inculto no entiende nada de lo que pasa en el pa\u00eds&#8221;.<\/b><\/p>\n<p><b>En la Ma\u00f1anera, cerca\u00a0 ya a las 1,000, con toda su paciencia, L\u00f3pez Obrador explicaba, como los intelectuales org\u00e1nicos no tienen ni idea de quien es el pueblo mexicano.Un lujo el escucharlo\u00a0todos los d\u00edas y aprender de este\u00a0personaje que ha encabezado la Cuarta Transformaci\u00f3n, lider del pueblo mayoritario y moreno, siempre despreciado.<\/b><\/p>\n<p><b>Gracias a Internet millones, desde los \u00faltimos pueblecitos de la Sierra Madre Oriental u Occidental,y hasta Gij\u00f3n,\u00a0 hemos tenido todos los d\u00edas el proyecto de un nuevo modelo de pa\u00eds, que est\u00e1 transformando DEMOCRATICAMENTE Y EN FORMA PACIFICA, aquel M\u00e9xico que escandalizaba al\u00a0 mundo durante los \u00faltimos\u00a030 a\u00f1os.<\/b><\/p>\n<p><strong>No desayuna hasta que desde las 8 de la ma\u00f1ana da su conferencia de prensa, d\u00eda tras d\u00eda, ,semana tras semana, a\u00f1o tras a\u00f1o, haya informado al pa\u00eds y haya respondido a todas las preguntas de la prensa.<\/strong><\/p>\n<p><strong>Hoy confirm\u00f3 que invit\u00f3 a presidir con \u00e9l el GRITO DE INDEPENDENCIA, a dos lideres modestos pero sabios como el, Evo MOrales y Jos\u00e9 M\u00fajica.En el Z\u00f3calo suelen asistir 200,000 personas a escuchar al presidente da el grito, tocando la Campana de Dolores, cuyo ta\u00f1ir acompa\u00f1a los tamales, los atoles, los taquitos de canasta, su coquita o agua de horchata, donde estar\u00e1n, este a\u00f1o a\u00f1o nada menos que los Tigres del Norte, el grupo m\u00e1s popular del pa\u00eds.<\/strong><\/p>\n<p><b>Tambi\u00e9n para construir\u00a0una importante presa en Sinaloa, sac\u00f3 20 Macroterrenos a la orilla del mar,que Calder\u00f3n dej\u00f3 sin hacer nada y que valen 200 millones de d\u00f3lares, los incorpor\u00f3 a la loter\u00eda\u00a0nacional del 15 septiembre con los 240 millones de pesos normales, y TODO LO QUE SE SAQUE SERA PARA HACER LA\u00a0HIDROEL\u00c9CTRICA por 20 euros el\u00a0d\u00e9cimo.<\/b><\/p>\n<p><strong>Y ah\u00ed sigue. Le quedan dos a\u00f1os y 70 % de popularidad seg\u00fan la principal empresa de encuestas del pa\u00eds.<\/strong><\/p>\n<!-- AddThis Advanced Settings generic via filter on the_content --><!-- AddThis Share Buttons generic via filter on the_content -->","protected":false},"excerpt":{"rendered":"<p>&#8220;No lo entienden, dec\u00eda de los conservadores que apoyan a Iberdrola\u00a0 y no a la Comisi\u00f3n Federal de Electricidad como el periodico Reforma, y est\u00e1n contra el presidente&#8221;. &#8220;\u00bf C\u00f3mo es posible\u00a0que, seg\u00fan\u00a0la agencia Mitosky, L\u00f3pez Obrador tiene el 70 % de aprobaci\u00f3n.Este pueblo inculto no entiende nada de lo que pasa en el pa\u00eds&#8221;. [&hellip;]<!-- AddThis Advanced Settings generic via filter on get_the_excerpt --><!-- AddThis Share Buttons generic via filter on get_the_excerpt --><\/p>\n","protected":false},"author":16,"featured_media":0,"comment_status":"open","ping_status":"closed","sticky":false,"template":"","format":"standard","meta":[],"categories":[1],"tags":[],"_links":{"self":[{"href":"https:\/\/blogs.elcomercio.es\/reflexiones-de-belarmino\/wp-json\/wp\/v2\/posts\/25090"}],"collection":[{"href":"https:\/\/blogs.elcomercio.es\/reflexiones-de-belarmino\/wp-json\/wp\/v2\/posts"}],"about":[{"href":"https:\/\/blogs.elcomercio.es\/reflexiones-de-belarmino\/wp-json\/wp\/v2\/types\/post"}],"author":[{"embeddable":true,"href":"https:\/\/blogs.elcomercio.es\/reflexiones-de-belarmino\/wp-json\/wp\/v2\/users\/16"}],"replies":[{"embeddable":true,"href":"https:\/\/blogs.elcomercio.es\/reflexiones-de-belarmino\/wp-json\/wp\/v2\/comments?post=25090"}],"version-history":[{"count":1,"href":"https:\/\/blogs.elcomercio.es\/reflexiones-de-belarmino\/wp-json\/wp\/v2\/posts\/25090\/revisions"}],"predecessor-version":[{"id":25091,"href":"https:\/\/blogs.elcomercio.es\/reflexiones-de-belarmino\/wp-json\/wp\/v2\/posts\/25090\/revisions\/25091"}],"wp:attachment":[{"href":"https:\/\/blogs.elcomercio.es\/reflexiones-de-belarmino\/wp-json\/wp\/v2\/media?parent=25090"}],"wp:term":[{"taxonomy":"category","embeddable":true,"href":"https:\/\/blogs.elcomercio.es\/reflexiones-de-belarmino\/wp-json\/wp\/v2\/categories?post=25090"},{"taxonomy":"post_tag","embeddable":true,"href":"https:\/\/blogs.elcomercio.es\/reflexiones-de-belarmino\/wp-json\/wp\/v2\/tags?post=25090"}],"curies":[{"name":"wp","href":"https:\/\/api.w.org\/{rel}","templated":true}]}}