{"id":25092,"date":"2022-09-07T20:06:05","date_gmt":"2022-09-07T18:06:05","guid":{"rendered":"https:\/\/blogs.elcomercio.es\/reflexiones-de-belarmino\/?p=25092"},"modified":"2022-09-07T20:06:05","modified_gmt":"2022-09-07T18:06:05","slug":"el-4-de-noviembre-rusia-hara-una-consulta-popular-sobre-anexion-de-donestk-y-lugansk","status":"publish","type":"post","link":"https:\/\/blogs.elcomercio.es\/reflexiones-de-belarmino\/2022\/09\/07\/el-4-de-noviembre-rusia-hara-una-consulta-popular-sobre-anexion-de-donestk-y-lugansk\/","title":{"rendered":"\u00a1\u00a1\u00a1\u00a1\u00a1EL 4 DE NOVIEMBRE RUSIA HAR\u00c1 UNA CONSULTA POPULAR SOBRE ANEXI\u00d3N DE DONESTK Y LUGANSK !!!"},"content":{"rendered":"<p><strong>Zelenski ha advertido que, de hacerlo, ser\u00e1 el fin de las conversaciones entre ambos, al declarar Rusia que el pr\u00f3ximo 4 de noviembre har\u00e1 una consulta popular sobre\u00a0 \u00a0en Donestk y Lugansk. para su incorporaci\u00f3n a Rusia.<\/strong><\/p>\n<p><strong>Con Crimea en sus manos, si se aprueba por los ciudadanos de Donestk y Lugansk, podr\u00eda ser un punto de alto al fuego.<\/strong><\/p>\n<!-- AddThis Advanced Settings generic via filter on the_content --><!-- AddThis Share Buttons generic via filter on the_content -->","protected":false},"excerpt":{"rendered":"<p>Zelenski ha advertido que, de hacerlo, ser\u00e1 el fin de las conversaciones entre ambos, al declarar Rusia que el pr\u00f3ximo 4 de noviembre har\u00e1 una consulta popular sobre\u00a0 \u00a0en Donestk y Lugansk. para su incorporaci\u00f3n a Rusia. Con Crimea en sus manos, si se aprueba por los ciudadanos de Donestk y Lugansk, podr\u00eda ser un [&hellip;]<!-- AddThis Advanced Settings generic via filter on get_the_excerpt --><!-- AddThis Share Buttons generic via filter on get_the_excerpt --><\/p>\n","protected":false},"author":16,"featured_media":0,"comment_status":"open","ping_status":"closed","sticky":false,"template":"","format":"standard","meta":[],"categories":[1],"tags":[],"_links":{"self":[{"href":"https:\/\/blogs.elcomercio.es\/reflexiones-de-belarmino\/wp-json\/wp\/v2\/posts\/25092"}],"collection":[{"href":"https:\/\/blogs.elcomercio.es\/reflexiones-de-belarmino\/wp-json\/wp\/v2\/posts"}],"about":[{"href":"https:\/\/blogs.elcomercio.es\/reflexiones-de-belarmino\/wp-json\/wp\/v2\/types\/post"}],"author":[{"embeddable":true,"href":"https:\/\/blogs.elcomercio.es\/reflexiones-de-belarmino\/wp-json\/wp\/v2\/users\/16"}],"replies":[{"embeddable":true,"href":"https:\/\/blogs.elcomercio.es\/reflexiones-de-belarmino\/wp-json\/wp\/v2\/comments?post=25092"}],"version-history":[{"count":1,"href":"https:\/\/blogs.elcomercio.es\/reflexiones-de-belarmino\/wp-json\/wp\/v2\/posts\/25092\/revisions"}],"predecessor-version":[{"id":25093,"href":"https:\/\/blogs.elcomercio.es\/reflexiones-de-belarmino\/wp-json\/wp\/v2\/posts\/25092\/revisions\/25093"}],"wp:attachment":[{"href":"https:\/\/blogs.elcomercio.es\/reflexiones-de-belarmino\/wp-json\/wp\/v2\/media?parent=25092"}],"wp:term":[{"taxonomy":"category","embeddable":true,"href":"https:\/\/blogs.elcomercio.es\/reflexiones-de-belarmino\/wp-json\/wp\/v2\/categories?post=25092"},{"taxonomy":"post_tag","embeddable":true,"href":"https:\/\/blogs.elcomercio.es\/reflexiones-de-belarmino\/wp-json\/wp\/v2\/tags?post=25092"}],"curies":[{"name":"wp","href":"https:\/\/api.w.org\/{rel}","templated":true}]}}