{"id":25094,"date":"2022-09-07T20:13:07","date_gmt":"2022-09-07T18:13:07","guid":{"rendered":"https:\/\/blogs.elcomercio.es\/reflexiones-de-belarmino\/?p=25094"},"modified":"2022-09-07T20:13:07","modified_gmt":"2022-09-07T18:13:07","slug":"la-otan-detecta-movimientos-de-la-armada-rusa-en-el-mediterraneo-en-paso-de-calais","status":"publish","type":"post","link":"https:\/\/blogs.elcomercio.es\/reflexiones-de-belarmino\/2022\/09\/07\/la-otan-detecta-movimientos-de-la-armada-rusa-en-el-mediterraneo-en-paso-de-calais\/","title":{"rendered":"\u00a1\u00a1\u00a1\u00a1\u00a1LA OTAN DETECTA MOVIMIENTOS DE LA ARMADA RUSA EN EL MEDITERR\u00c1NEO, EN PASO DE CAL\u00c1IS !!!"},"content":{"rendered":"<p><b>La OTAN inform\u00f3 que han detectado\u00a0 movimientos de tres\u00a0 \u00a0 nav\u00edos\u00a0rusos en el Mar del Norte, el Mar C\u00e9ltico y el Paso de Cal\u00e1is, encabezados\u00a0por el destructor de clase Udalov&#8221; Marshall Kulakov&#8221;<\/b><\/p>\n<!-- AddThis Advanced Settings generic via filter on the_content --><!-- AddThis Share Buttons generic via filter on the_content -->","protected":false},"excerpt":{"rendered":"<p>La OTAN inform\u00f3 que han detectado\u00a0 movimientos de tres\u00a0 \u00a0 nav\u00edos\u00a0rusos en el Mar del Norte, el Mar C\u00e9ltico y el Paso de Cal\u00e1is, encabezados\u00a0por el destructor de clase Udalov&#8221; Marshall Kulakov&#8221;<!-- AddThis Advanced Settings generic via filter on get_the_excerpt --><!-- AddThis Share Buttons generic via filter on get_the_excerpt --><\/p>\n","protected":false},"author":16,"featured_media":0,"comment_status":"open","ping_status":"closed","sticky":false,"template":"","format":"standard","meta":[],"categories":[1],"tags":[],"_links":{"self":[{"href":"https:\/\/blogs.elcomercio.es\/reflexiones-de-belarmino\/wp-json\/wp\/v2\/posts\/25094"}],"collection":[{"href":"https:\/\/blogs.elcomercio.es\/reflexiones-de-belarmino\/wp-json\/wp\/v2\/posts"}],"about":[{"href":"https:\/\/blogs.elcomercio.es\/reflexiones-de-belarmino\/wp-json\/wp\/v2\/types\/post"}],"author":[{"embeddable":true,"href":"https:\/\/blogs.elcomercio.es\/reflexiones-de-belarmino\/wp-json\/wp\/v2\/users\/16"}],"replies":[{"embeddable":true,"href":"https:\/\/blogs.elcomercio.es\/reflexiones-de-belarmino\/wp-json\/wp\/v2\/comments?post=25094"}],"version-history":[{"count":1,"href":"https:\/\/blogs.elcomercio.es\/reflexiones-de-belarmino\/wp-json\/wp\/v2\/posts\/25094\/revisions"}],"predecessor-version":[{"id":25095,"href":"https:\/\/blogs.elcomercio.es\/reflexiones-de-belarmino\/wp-json\/wp\/v2\/posts\/25094\/revisions\/25095"}],"wp:attachment":[{"href":"https:\/\/blogs.elcomercio.es\/reflexiones-de-belarmino\/wp-json\/wp\/v2\/media?parent=25094"}],"wp:term":[{"taxonomy":"category","embeddable":true,"href":"https:\/\/blogs.elcomercio.es\/reflexiones-de-belarmino\/wp-json\/wp\/v2\/categories?post=25094"},{"taxonomy":"post_tag","embeddable":true,"href":"https:\/\/blogs.elcomercio.es\/reflexiones-de-belarmino\/wp-json\/wp\/v2\/tags?post=25094"}],"curies":[{"name":"wp","href":"https:\/\/api.w.org\/{rel}","templated":true}]}}