{"id":25102,"date":"2022-09-08T09:15:59","date_gmt":"2022-09-08T07:15:59","guid":{"rendered":"https:\/\/blogs.elcomercio.es\/reflexiones-de-belarmino\/?p=25102"},"modified":"2022-09-08T09:15:59","modified_gmt":"2022-09-08T07:15:59","slug":"franco-desaparecio-40-anos-asturias-y-fuimos-oviedo-por-que","status":"publish","type":"post","link":"https:\/\/blogs.elcomercio.es\/reflexiones-de-belarmino\/2022\/09\/08\/franco-desaparecio-40-anos-asturias-y-fuimos-oviedo-por-que\/","title":{"rendered":"\u00a1\u00a1\u00a1\u00a1\u00a1\u00a1FRANCO DESAPARECIO 40 A\u00d1OS &#8220;ASTURIAS&#8221; Y FUIMOS &#8220;OVIEDO&#8221; .\u00bfPOR QU\u00c9?!!!!"},"content":{"rendered":"<p><b>Desde 1939 hasta 1980, nuestra regi\u00f3n perdi\u00f3 hasta el nombre. Desapareci\u00f3 ASTURIAS y se llam\u00f3\u00a0OVIEDO..Un d\u00eda como hoy,hace 42 a\u00f1os, volvi\u00f3\u00a0a ser oficialmente ASTURIAS. Franco odiaba ese nombre , por la feroz resistencia que tuvo en 1917, 1934, y 1936 y 1937. .<\/b><\/p>\n<p><a href=\"https:\/\/static-blogs.elcomercio.es\/wp-content\/uploads\/sites\/15\/2016\/12\/mapa-asturias-belarmino-7.jpg\"><img loading=\"lazy\" class=\"alignnone size-full wp-image-2145\" src=\"https:\/\/static-blogs.elcomercio.es\/wp-content\/uploads\/sites\/15\/2016\/12\/mapa-asturias-belarmino-7.jpg\" alt=\"\" width=\"600\" height=\"245\" srcset=\"https:\/\/static-blogs.elcomercio.es\/wp-content\/uploads\/sites\/15\/2016\/12\/mapa-asturias-belarmino-7.jpg 600w, https:\/\/static-blogs.elcomercio.es\/wp-content\/uploads\/sites\/15\/2016\/12\/mapa-asturias-belarmino-7-300x123.jpg 300w\" sizes=\"(max-width: 600px) 100vw, 600px\" \/><\/a><\/p>\n<p><b>Lo explico.<\/b><\/p>\n<p><b> En 1917 se\u00a0produjo en Espa\u00f1a una Huelga General Revolucionarias. Los asturianos puntualmente participaron .En Oviedo el Jefe del Ejercito era un hombre, joven, bajito, no muy favorecido, que aspiraba a tener una novia asturiana, pero la oligarqu\u00eda de la calle Uria, no les parec\u00eda suficiente para la Carmen Polo que anhelaba. Y para mostrar su poder, dio\u00a0ordenes para perseguir a los revolucionarios que los oblig\u00f3 a salir de Asturias. \u00a1\u00a1Los quiero, vivos, o muertos!!, mientras miles sal\u00edan de Asturias.El abuelo del autor se fue a las minas de Teruel y all\u00ed nacer\u00eda en 1918,\u00a0 su madre Pura Tom\u00e1s.<\/b><\/p>\n<p><b>En 1934, ante la amenaza\u00a0de Gil Robles, tras ir a la toma de posesi\u00f3n de Hitler, al regresar, noviembre de 1933 en Madrid, que hab\u00eda\u00a0dicho: &#8221; La democracia no es un fin es un medio; si no nos permiten entrar al parlamento, lo haremos\u00a0 desaparecer.&#8221;Ante esa amenaza\u00a0se prepar\u00f3 una respuesta. Si lo hacia, la \u00fanico respuesta era la Huelga Revolucionaria.En septiembre de 1934 se present\u00f3 Gil Robles en Covadonga\u00a0 y a areng\u00f3 a la multitud con una consigna:, ya no contra los MOROS, sino contra los ROJOS..<\/b><\/p>\n<p><b>El acuerdo nacional fue que el 5 de octubre se levantase\u00a0el pueblo espa\u00f1ol. Los asturianos, pensando que toda Espa\u00f1a se estaba levantando, hicieron lo propio\u00a0y se levantaron en armas, en lo que se llam\u00f3 la Revoluci\u00f3n de Octubre.Pero en Espa\u00f1a, salvo en Catalu\u00f1a nadie los sigui\u00f3 y Franco mand\u00f3 30,000 hombres para reprimir\u00a0 a la rebeli\u00f3n\u00a0asturiana, que dur\u00f3 15 d\u00edas, que que FUE LA PRIMERA VEZ QUE HUBO UN LEVANTAMIENTO CONTRA EL ESTADO NACIONAL en la historia de Espa\u00f1a.<\/b><\/p>\n<p><b>En 1936 y 1937, ante el Levantamiento tras haber ganado el Frente Popular las Elecciones, por supuesto incluida Asturias y hasta Oviedo, durante 461 d\u00edas, en Gij\u00f3n se realiz\u00f3 la resistencia no de Asturias sino de todo el Frente Norte(asturianos, leoneses,\u00a0 c\u00e1ntabros, vascos) y en esta tierra se declar\u00f3 el 24 de agosto de 1937, la SOBERAN\u00cdA, no en contra, como hacen los catalanes y los vascos, sino en favor de las Instituciones.<\/b><\/p>\n<p><strong>Franco, con la ayuda de la aviaci\u00f3n alemana, acab\u00f3 con Asturias, con Gij\u00f3n, donde hubo hechos heroicos olvidados\u00a0 como\u00a0 el caso del anarquista Higinio Carroceda, que en el Mazucu, dio una lucha heroica.<\/strong><\/p>\n<p><b>Por supuesto, en 1939, al ganar la Cruzada, lo primero que hizo fue desaparecer la palabra ASTURIAS y Y LLAMARLA OVIEDO, durante\u00a042 a\u00f1os, hasta un d\u00eda como hoy<\/b><\/p>\n<p><b>en que el 8 de septiembre de 1980,\u00a0ASTURIAS recuper\u00f3 su\u00a0 nombre.<\/b><\/p>\n<p><b>Dirigido a quienes no lo saben o, a quien sabi\u00e9ndolo\u00a0HAN OCULTADO LA HISTORIA..<\/b><\/p>\n<!-- AddThis Advanced Settings generic via filter on the_content --><!-- AddThis Share Buttons generic via filter on the_content -->","protected":false},"excerpt":{"rendered":"<p>Desde 1939 hasta 1980, nuestra regi\u00f3n perdi\u00f3 hasta el nombre. Desapareci\u00f3 ASTURIAS y se llam\u00f3\u00a0OVIEDO..Un d\u00eda como hoy,hace 42 a\u00f1os, volvi\u00f3\u00a0a ser oficialmente ASTURIAS. Franco odiaba ese nombre , por la feroz resistencia que tuvo en 1917, 1934, y 1936 y 1937. . Lo explico. En 1917 se\u00a0produjo en Espa\u00f1a una Huelga General Revolucionarias. Los [&hellip;]<!-- AddThis Advanced Settings generic via filter on get_the_excerpt --><!-- AddThis Share Buttons generic via filter on get_the_excerpt --><\/p>\n","protected":false},"author":16,"featured_media":0,"comment_status":"open","ping_status":"closed","sticky":false,"template":"","format":"standard","meta":[],"categories":[1],"tags":[],"_links":{"self":[{"href":"https:\/\/blogs.elcomercio.es\/reflexiones-de-belarmino\/wp-json\/wp\/v2\/posts\/25102"}],"collection":[{"href":"https:\/\/blogs.elcomercio.es\/reflexiones-de-belarmino\/wp-json\/wp\/v2\/posts"}],"about":[{"href":"https:\/\/blogs.elcomercio.es\/reflexiones-de-belarmino\/wp-json\/wp\/v2\/types\/post"}],"author":[{"embeddable":true,"href":"https:\/\/blogs.elcomercio.es\/reflexiones-de-belarmino\/wp-json\/wp\/v2\/users\/16"}],"replies":[{"embeddable":true,"href":"https:\/\/blogs.elcomercio.es\/reflexiones-de-belarmino\/wp-json\/wp\/v2\/comments?post=25102"}],"version-history":[{"count":3,"href":"https:\/\/blogs.elcomercio.es\/reflexiones-de-belarmino\/wp-json\/wp\/v2\/posts\/25102\/revisions"}],"predecessor-version":[{"id":25105,"href":"https:\/\/blogs.elcomercio.es\/reflexiones-de-belarmino\/wp-json\/wp\/v2\/posts\/25102\/revisions\/25105"}],"wp:attachment":[{"href":"https:\/\/blogs.elcomercio.es\/reflexiones-de-belarmino\/wp-json\/wp\/v2\/media?parent=25102"}],"wp:term":[{"taxonomy":"category","embeddable":true,"href":"https:\/\/blogs.elcomercio.es\/reflexiones-de-belarmino\/wp-json\/wp\/v2\/categories?post=25102"},{"taxonomy":"post_tag","embeddable":true,"href":"https:\/\/blogs.elcomercio.es\/reflexiones-de-belarmino\/wp-json\/wp\/v2\/tags?post=25102"}],"curies":[{"name":"wp","href":"https:\/\/api.w.org\/{rel}","templated":true}]}}