{"id":25106,"date":"2022-09-08T14:12:29","date_gmt":"2022-09-08T12:12:29","guid":{"rendered":"https:\/\/blogs.elcomercio.es\/reflexiones-de-belarmino\/?p=25106"},"modified":"2022-09-08T14:12:29","modified_gmt":"2022-09-08T12:12:29","slug":"yolanda-diaz-con-el-puro-sentido-comun-exhibe-a-la-clase-politica-espanola","status":"publish","type":"post","link":"https:\/\/blogs.elcomercio.es\/reflexiones-de-belarmino\/2022\/09\/08\/yolanda-diaz-con-el-puro-sentido-comun-exhibe-a-la-clase-politica-espanola\/","title":{"rendered":"\u00a1\u00a1\u00a1\u00a1\u00a1\u00a1\u00a1YOLANDA DIAZ, CON EL PURO SENTIDO COM\u00daN, EXHIBE A LA CLASE POL\u00cdTICA ESPA\u00d1OLA !!!"},"content":{"rendered":"<p><b>Ni Cuba, ni Venezuela, ni tarjetas de racionamiento, ni cambio en las leyes , puro sentido com\u00fan.La CANASTA\u00a0B\u00c1SICA. Carrefour, como lo hab\u00eda hecho en Francia la ha iniciado..La mayor del mundo Wall Mart, como Carrefour y el resto de las grandes superficies LLEVAN UN MES CON\u00a0ELLA EN MEXICO.<\/b><\/p>\n<p><strong>Yolanda D\u00edaz, la Ministra con sentido com\u00fan que conecta con la calle.<\/strong><\/p>\n<!-- AddThis Advanced Settings generic via filter on the_content --><!-- AddThis Share Buttons generic via filter on the_content -->","protected":false},"excerpt":{"rendered":"<p>Ni Cuba, ni Venezuela, ni tarjetas de racionamiento, ni cambio en las leyes , puro sentido com\u00fan.La CANASTA\u00a0B\u00c1SICA. Carrefour, como lo hab\u00eda hecho en Francia la ha iniciado..La mayor del mundo Wall Mart, como Carrefour y el resto de las grandes superficies LLEVAN UN MES CON\u00a0ELLA EN MEXICO. Yolanda D\u00edaz, la Ministra con sentido com\u00fan [&hellip;]<!-- AddThis Advanced Settings generic via filter on get_the_excerpt --><!-- AddThis Share Buttons generic via filter on get_the_excerpt --><\/p>\n","protected":false},"author":16,"featured_media":0,"comment_status":"open","ping_status":"closed","sticky":false,"template":"","format":"standard","meta":[],"categories":[1],"tags":[],"_links":{"self":[{"href":"https:\/\/blogs.elcomercio.es\/reflexiones-de-belarmino\/wp-json\/wp\/v2\/posts\/25106"}],"collection":[{"href":"https:\/\/blogs.elcomercio.es\/reflexiones-de-belarmino\/wp-json\/wp\/v2\/posts"}],"about":[{"href":"https:\/\/blogs.elcomercio.es\/reflexiones-de-belarmino\/wp-json\/wp\/v2\/types\/post"}],"author":[{"embeddable":true,"href":"https:\/\/blogs.elcomercio.es\/reflexiones-de-belarmino\/wp-json\/wp\/v2\/users\/16"}],"replies":[{"embeddable":true,"href":"https:\/\/blogs.elcomercio.es\/reflexiones-de-belarmino\/wp-json\/wp\/v2\/comments?post=25106"}],"version-history":[{"count":1,"href":"https:\/\/blogs.elcomercio.es\/reflexiones-de-belarmino\/wp-json\/wp\/v2\/posts\/25106\/revisions"}],"predecessor-version":[{"id":25107,"href":"https:\/\/blogs.elcomercio.es\/reflexiones-de-belarmino\/wp-json\/wp\/v2\/posts\/25106\/revisions\/25107"}],"wp:attachment":[{"href":"https:\/\/blogs.elcomercio.es\/reflexiones-de-belarmino\/wp-json\/wp\/v2\/media?parent=25106"}],"wp:term":[{"taxonomy":"category","embeddable":true,"href":"https:\/\/blogs.elcomercio.es\/reflexiones-de-belarmino\/wp-json\/wp\/v2\/categories?post=25106"},{"taxonomy":"post_tag","embeddable":true,"href":"https:\/\/blogs.elcomercio.es\/reflexiones-de-belarmino\/wp-json\/wp\/v2\/tags?post=25106"}],"curies":[{"name":"wp","href":"https:\/\/api.w.org\/{rel}","templated":true}]}}