{"id":25111,"date":"2022-09-08T14:37:37","date_gmt":"2022-09-08T12:37:37","guid":{"rendered":"https:\/\/blogs.elcomercio.es\/reflexiones-de-belarmino\/?p=25111"},"modified":"2022-09-08T14:37:37","modified_gmt":"2022-09-08T12:37:37","slug":"en-plena-crisis-en-reino-unido-vuelan-a-balmoral-don-carlos-y-dona-camila","status":"publish","type":"post","link":"https:\/\/blogs.elcomercio.es\/reflexiones-de-belarmino\/2022\/09\/08\/en-plena-crisis-en-reino-unido-vuelan-a-balmoral-don-carlos-y-dona-camila\/","title":{"rendered":"\u00a1\u00a1\u00a1\u00a1\u00a1EN PLENA CRISIS EN REINO UNIDO, VUELAN A BALMORAL,  &#8220;DON CARLOS&#8221; Y &#8220;DO\u00d1A CAMILA&#8221;!!!!!!"},"content":{"rendered":"<p><b>En plena crisis econ\u00f3mica, con inflaci\u00f3n en dos d\u00edgitos\u00a0y The Financial Times diciendo que&#8221; el Reino Unido va a una cat\u00e1strofe\u00a0humanitaria&#8221;, vuelan hoy hacia Escocia, al Palacio de Balmoral, &#8220;Don Carlos&#8221; y &#8220;Do\u00f1a Camila&#8221;, los salvadores\u00a1,comentando&#8221;al fin &#8220;.<\/b><\/p>\n<!-- AddThis Advanced Settings generic via filter on the_content --><!-- AddThis Share Buttons generic via filter on the_content -->","protected":false},"excerpt":{"rendered":"<p>En plena crisis econ\u00f3mica, con inflaci\u00f3n en dos d\u00edgitos\u00a0y The Financial Times diciendo que&#8221; el Reino Unido va a una cat\u00e1strofe\u00a0humanitaria&#8221;, vuelan hoy hacia Escocia, al Palacio de Balmoral, &#8220;Don Carlos&#8221; y &#8220;Do\u00f1a Camila&#8221;, los salvadores\u00a1,comentando&#8221;al fin &#8220;.<!-- AddThis Advanced Settings generic via filter on get_the_excerpt --><!-- AddThis Share Buttons generic via filter on get_the_excerpt --><\/p>\n","protected":false},"author":16,"featured_media":0,"comment_status":"open","ping_status":"closed","sticky":false,"template":"","format":"standard","meta":[],"categories":[1],"tags":[],"_links":{"self":[{"href":"https:\/\/blogs.elcomercio.es\/reflexiones-de-belarmino\/wp-json\/wp\/v2\/posts\/25111"}],"collection":[{"href":"https:\/\/blogs.elcomercio.es\/reflexiones-de-belarmino\/wp-json\/wp\/v2\/posts"}],"about":[{"href":"https:\/\/blogs.elcomercio.es\/reflexiones-de-belarmino\/wp-json\/wp\/v2\/types\/post"}],"author":[{"embeddable":true,"href":"https:\/\/blogs.elcomercio.es\/reflexiones-de-belarmino\/wp-json\/wp\/v2\/users\/16"}],"replies":[{"embeddable":true,"href":"https:\/\/blogs.elcomercio.es\/reflexiones-de-belarmino\/wp-json\/wp\/v2\/comments?post=25111"}],"version-history":[{"count":1,"href":"https:\/\/blogs.elcomercio.es\/reflexiones-de-belarmino\/wp-json\/wp\/v2\/posts\/25111\/revisions"}],"predecessor-version":[{"id":25112,"href":"https:\/\/blogs.elcomercio.es\/reflexiones-de-belarmino\/wp-json\/wp\/v2\/posts\/25111\/revisions\/25112"}],"wp:attachment":[{"href":"https:\/\/blogs.elcomercio.es\/reflexiones-de-belarmino\/wp-json\/wp\/v2\/media?parent=25111"}],"wp:term":[{"taxonomy":"category","embeddable":true,"href":"https:\/\/blogs.elcomercio.es\/reflexiones-de-belarmino\/wp-json\/wp\/v2\/categories?post=25111"},{"taxonomy":"post_tag","embeddable":true,"href":"https:\/\/blogs.elcomercio.es\/reflexiones-de-belarmino\/wp-json\/wp\/v2\/tags?post=25111"}],"curies":[{"name":"wp","href":"https:\/\/api.w.org\/{rel}","templated":true}]}}