{"id":25118,"date":"2022-09-08T15:18:01","date_gmt":"2022-09-08T13:18:01","guid":{"rendered":"https:\/\/blogs.elcomercio.es\/reflexiones-de-belarmino\/?p=25118"},"modified":"2022-09-08T15:18:01","modified_gmt":"2022-09-08T13:18:01","slug":"mananera-torrenciales-lluvias-desbordan-rio-tula-17-muertos-y-temblor-fuerte-con-cero-victimas-alarma-sismica","status":"publish","type":"post","link":"https:\/\/blogs.elcomercio.es\/reflexiones-de-belarmino\/2022\/09\/08\/mananera-torrenciales-lluvias-desbordan-rio-tula-17-muertos-y-temblor-fuerte-con-cero-victimas-alarma-sismica\/","title":{"rendered":"\u00a1\u00a1\u00a1\u00a1\u00a1MA\u00d1ANERA.- TORRENCIALES LLUVIAS DESBORDAN RIO TULA (17 MUERTOS) Y TEMBLOR FUERTE CON CERO VICTIMAS. ALARMA S\u00cdSMICA!!!!"},"content":{"rendered":"<p><strong>El presidente acaba de informar que ante las torrenciales lluvias ayer en el Valle de M\u00e9xico, desbord\u00f3 al r\u00edo Tula, inundando el hospital del Seguros Social, con el reporte de 17 falllecidos.<\/strong><\/p>\n<p><strong>Al mismo tiempo fuerte temblor en Guerrero, que\u00a0 ha dejado sin luz a Acapulco, se sinti\u00f3 en la ciudad de M\u00e9xico con cero victimas.<\/strong><\/p>\n<p><em><b>La ALARMA S\u00cdSMICA\u00a0que se tiene, permite que cuando hay un temblor en Guerrero, se activa en toda la ciudad de M\u00e9xico y el minuto que tarda en llegar a la gran ciudad, ha sido vital para los desalojos. y prevenci\u00f3n\u00a0de\u00a0<\/b><\/em><b><i>victimas<\/i><\/b><\/p>\n<!-- AddThis Advanced Settings generic via filter on the_content --><!-- AddThis Share Buttons generic via filter on the_content -->","protected":false},"excerpt":{"rendered":"<p>El presidente acaba de informar que ante las torrenciales lluvias ayer en el Valle de M\u00e9xico, desbord\u00f3 al r\u00edo Tula, inundando el hospital del Seguros Social, con el reporte de 17 falllecidos. Al mismo tiempo fuerte temblor en Guerrero, que\u00a0 ha dejado sin luz a Acapulco, se sinti\u00f3 en la ciudad de M\u00e9xico con cero [&hellip;]<!-- AddThis Advanced Settings generic via filter on get_the_excerpt --><!-- AddThis Share Buttons generic via filter on get_the_excerpt --><\/p>\n","protected":false},"author":16,"featured_media":0,"comment_status":"open","ping_status":"closed","sticky":false,"template":"","format":"standard","meta":[],"categories":[1],"tags":[],"_links":{"self":[{"href":"https:\/\/blogs.elcomercio.es\/reflexiones-de-belarmino\/wp-json\/wp\/v2\/posts\/25118"}],"collection":[{"href":"https:\/\/blogs.elcomercio.es\/reflexiones-de-belarmino\/wp-json\/wp\/v2\/posts"}],"about":[{"href":"https:\/\/blogs.elcomercio.es\/reflexiones-de-belarmino\/wp-json\/wp\/v2\/types\/post"}],"author":[{"embeddable":true,"href":"https:\/\/blogs.elcomercio.es\/reflexiones-de-belarmino\/wp-json\/wp\/v2\/users\/16"}],"replies":[{"embeddable":true,"href":"https:\/\/blogs.elcomercio.es\/reflexiones-de-belarmino\/wp-json\/wp\/v2\/comments?post=25118"}],"version-history":[{"count":1,"href":"https:\/\/blogs.elcomercio.es\/reflexiones-de-belarmino\/wp-json\/wp\/v2\/posts\/25118\/revisions"}],"predecessor-version":[{"id":25119,"href":"https:\/\/blogs.elcomercio.es\/reflexiones-de-belarmino\/wp-json\/wp\/v2\/posts\/25118\/revisions\/25119"}],"wp:attachment":[{"href":"https:\/\/blogs.elcomercio.es\/reflexiones-de-belarmino\/wp-json\/wp\/v2\/media?parent=25118"}],"wp:term":[{"taxonomy":"category","embeddable":true,"href":"https:\/\/blogs.elcomercio.es\/reflexiones-de-belarmino\/wp-json\/wp\/v2\/categories?post=25118"},{"taxonomy":"post_tag","embeddable":true,"href":"https:\/\/blogs.elcomercio.es\/reflexiones-de-belarmino\/wp-json\/wp\/v2\/tags?post=25118"}],"curies":[{"name":"wp","href":"https:\/\/api.w.org\/{rel}","templated":true}]}}