{"id":25120,"date":"2022-09-08T15:38:35","date_gmt":"2022-09-08T13:38:35","guid":{"rendered":"https:\/\/blogs.elcomercio.es\/reflexiones-de-belarmino\/?p=25120"},"modified":"2022-09-08T15:38:35","modified_gmt":"2022-09-08T13:38:35","slug":"pedro-sachez-y-nunez-feijoo-se-enfrentaran-ante-inflacion-8-12022-y-5-52023","status":"publish","type":"post","link":"https:\/\/blogs.elcomercio.es\/reflexiones-de-belarmino\/2022\/09\/08\/pedro-sachez-y-nunez-feijoo-se-enfrentaran-ante-inflacion-8-12022-y-5-52023\/","title":{"rendered":"\u00a1\u00a1\u00a1\u00a1\u00a1PEDRO SACHEZ Y NU\u00d1EZ FEIJ\u00d3O, SE ENFRENTAR\u00c1N ANTE INFLACION 8.1(2022) Y 5.5%(2023)!!!!"},"content":{"rendered":"<p><b>Ocho meses para las Municipales y y quince para las<\/b> <strong>Generales digan\u00a0<\/strong><b>\u00a0lo que digan las encuestas y los debates, ambos, con el pueblo espa\u00f1ol y la zona euro pasar\u00e1n por una inflaci\u00f3n\u00a0de 8.1% en 2022, y de 5.5 % para 2023 %.Desgaste para el gobierno pero tambi\u00e9n\u00a0ventaja por tener el presupuesto.Lo mismo, pero al rev\u00e9s, a la oposici\u00f3n. Hay que esperar.<\/b><\/p>\n<!-- AddThis Advanced Settings generic via filter on the_content --><!-- AddThis Share Buttons generic via filter on the_content -->","protected":false},"excerpt":{"rendered":"<p>Ocho meses para las Municipales y y quince para las Generales digan\u00a0\u00a0lo que digan las encuestas y los debates, ambos, con el pueblo espa\u00f1ol y la zona euro pasar\u00e1n por una inflaci\u00f3n\u00a0de 8.1% en 2022, y de 5.5 % para 2023 %.Desgaste para el gobierno pero tambi\u00e9n\u00a0ventaja por tener el presupuesto.Lo mismo, pero al rev\u00e9s, [&hellip;]<!-- AddThis Advanced Settings generic via filter on get_the_excerpt --><!-- AddThis Share Buttons generic via filter on get_the_excerpt --><\/p>\n","protected":false},"author":16,"featured_media":0,"comment_status":"open","ping_status":"closed","sticky":false,"template":"","format":"standard","meta":[],"categories":[1],"tags":[],"_links":{"self":[{"href":"https:\/\/blogs.elcomercio.es\/reflexiones-de-belarmino\/wp-json\/wp\/v2\/posts\/25120"}],"collection":[{"href":"https:\/\/blogs.elcomercio.es\/reflexiones-de-belarmino\/wp-json\/wp\/v2\/posts"}],"about":[{"href":"https:\/\/blogs.elcomercio.es\/reflexiones-de-belarmino\/wp-json\/wp\/v2\/types\/post"}],"author":[{"embeddable":true,"href":"https:\/\/blogs.elcomercio.es\/reflexiones-de-belarmino\/wp-json\/wp\/v2\/users\/16"}],"replies":[{"embeddable":true,"href":"https:\/\/blogs.elcomercio.es\/reflexiones-de-belarmino\/wp-json\/wp\/v2\/comments?post=25120"}],"version-history":[{"count":2,"href":"https:\/\/blogs.elcomercio.es\/reflexiones-de-belarmino\/wp-json\/wp\/v2\/posts\/25120\/revisions"}],"predecessor-version":[{"id":25122,"href":"https:\/\/blogs.elcomercio.es\/reflexiones-de-belarmino\/wp-json\/wp\/v2\/posts\/25120\/revisions\/25122"}],"wp:attachment":[{"href":"https:\/\/blogs.elcomercio.es\/reflexiones-de-belarmino\/wp-json\/wp\/v2\/media?parent=25120"}],"wp:term":[{"taxonomy":"category","embeddable":true,"href":"https:\/\/blogs.elcomercio.es\/reflexiones-de-belarmino\/wp-json\/wp\/v2\/categories?post=25120"},{"taxonomy":"post_tag","embeddable":true,"href":"https:\/\/blogs.elcomercio.es\/reflexiones-de-belarmino\/wp-json\/wp\/v2\/tags?post=25120"}],"curies":[{"name":"wp","href":"https:\/\/api.w.org\/{rel}","templated":true}]}}