{"id":25126,"date":"2022-09-08T18:33:04","date_gmt":"2022-09-08T16:33:04","guid":{"rendered":"https:\/\/blogs.elcomercio.es\/reflexiones-de-belarmino\/?p=25126"},"modified":"2022-09-08T18:33:04","modified_gmt":"2022-09-08T16:33:04","slug":"cuando-se-anuncie-el-puente-de-londres-ha-caido-habra-fallecido-la-ultima-de-las-3-reinas-inglesas-que-lo-fueron-durante-178-anos","status":"publish","type":"post","link":"https:\/\/blogs.elcomercio.es\/reflexiones-de-belarmino\/2022\/09\/08\/cuando-se-anuncie-el-puente-de-londres-ha-caido-habra-fallecido-la-ultima-de-las-3-reinas-inglesas-que-lo-fueron-durante-178-anos\/","title":{"rendered":"\u00a1\u00a1\u00a1 CUANDO SE ANUNCIE &#8220;EL PUENTE DE LONDRES HA CA\u00cdDO&#8221;, HABR\u00c1 FALLECIDO LA ULTIMA DE LAS 3 REINAS INGLESAS QUE LO FUERON DURANTE 178 A\u00d1OS !!!!"},"content":{"rendered":"<p><b>Casi la mitad del Imperio Brit\u00e1nico ha estado\u00a0en manos de mujeres. Tres reinas ha sido las Jefas de Estado, durante\u00a0178 a\u00f1os, casi la mitad del poderoso imperio.<\/b><\/p>\n<p><b>Desde que lo fue la hija de Eduardo VIII con Ana Bolena, Isabel I, reina de Inglaterra( 1558 a 1603), pasando por la Reina Victoria\u00a0 \u00a0del Reino Unido, de 1840 a 1901, y luego ,Isabel II, reina del Reino\u00a0 Unido( 1952 a(x) 2022) , hoy podr\u00eda\u00a0terminar esa historia en cuanto usted escuche a la Primera Ministra Liz Truss informar<\/b><\/p>\n<p><b> EL PUENTE DE LONDRES HA CA\u00cdDO.<\/b><\/p>\n<p><b>\u00a0que significara\u00a0que la reina Isabel II del Reino Unidos que lleg\u00f3 tras la Segunda Guerra Mundial a los 26 a\u00f1os y tuvo como primer Ministro nada menos que a Winston Churchill, habr\u00e1 fallecido.<\/b><\/p>\n<p><b>Un sentimiento de dolor intenso, intimo, por un pueblo que en su vida, casi todos s\u00f3lo la conocieron\u00a0a\u00a0 a ella al frente del Estado.<\/b><\/p>\n<p><strong>En todo el Reino Unido, en especial en la Gran Breta\u00f1a, origen de todo, habr\u00e1 una profunda conmoci\u00f3n.<\/strong><\/p>\n<p><strong>El mundo ser\u00e1 diferente sin Isabel II.<\/strong><\/p>\n<p>&nbsp;<\/p>\n<!-- AddThis Advanced Settings generic via filter on the_content --><!-- AddThis Share Buttons generic via filter on the_content -->","protected":false},"excerpt":{"rendered":"<p>Casi la mitad del Imperio Brit\u00e1nico ha estado\u00a0en manos de mujeres. Tres reinas ha sido las Jefas de Estado, durante\u00a0178 a\u00f1os, casi la mitad del poderoso imperio. Desde que lo fue la hija de Eduardo VIII con Ana Bolena, Isabel I, reina de Inglaterra( 1558 a 1603), pasando por la Reina Victoria\u00a0 \u00a0del Reino Unido, [&hellip;]<!-- AddThis Advanced Settings generic via filter on get_the_excerpt --><!-- AddThis Share Buttons generic via filter on get_the_excerpt --><\/p>\n","protected":false},"author":16,"featured_media":0,"comment_status":"open","ping_status":"closed","sticky":false,"template":"","format":"standard","meta":[],"categories":[1],"tags":[],"_links":{"self":[{"href":"https:\/\/blogs.elcomercio.es\/reflexiones-de-belarmino\/wp-json\/wp\/v2\/posts\/25126"}],"collection":[{"href":"https:\/\/blogs.elcomercio.es\/reflexiones-de-belarmino\/wp-json\/wp\/v2\/posts"}],"about":[{"href":"https:\/\/blogs.elcomercio.es\/reflexiones-de-belarmino\/wp-json\/wp\/v2\/types\/post"}],"author":[{"embeddable":true,"href":"https:\/\/blogs.elcomercio.es\/reflexiones-de-belarmino\/wp-json\/wp\/v2\/users\/16"}],"replies":[{"embeddable":true,"href":"https:\/\/blogs.elcomercio.es\/reflexiones-de-belarmino\/wp-json\/wp\/v2\/comments?post=25126"}],"version-history":[{"count":4,"href":"https:\/\/blogs.elcomercio.es\/reflexiones-de-belarmino\/wp-json\/wp\/v2\/posts\/25126\/revisions"}],"predecessor-version":[{"id":25130,"href":"https:\/\/blogs.elcomercio.es\/reflexiones-de-belarmino\/wp-json\/wp\/v2\/posts\/25126\/revisions\/25130"}],"wp:attachment":[{"href":"https:\/\/blogs.elcomercio.es\/reflexiones-de-belarmino\/wp-json\/wp\/v2\/media?parent=25126"}],"wp:term":[{"taxonomy":"category","embeddable":true,"href":"https:\/\/blogs.elcomercio.es\/reflexiones-de-belarmino\/wp-json\/wp\/v2\/categories?post=25126"},{"taxonomy":"post_tag","embeddable":true,"href":"https:\/\/blogs.elcomercio.es\/reflexiones-de-belarmino\/wp-json\/wp\/v2\/tags?post=25126"}],"curies":[{"name":"wp","href":"https:\/\/api.w.org\/{rel}","templated":true}]}}