{"id":25165,"date":"2022-09-10T09:37:09","date_gmt":"2022-09-10T07:37:09","guid":{"rendered":"https:\/\/blogs.elcomercio.es\/reflexiones-de-belarmino\/?p=25165"},"modified":"2022-09-10T09:39:18","modified_gmt":"2022-09-10T07:39:18","slug":"grupo-de-apoyo-a-ucrania-ee-uu-los-27-y-los-23-de-la-comonwelth","status":"publish","type":"post","link":"https:\/\/blogs.elcomercio.es\/reflexiones-de-belarmino\/2022\/09\/10\/grupo-de-apoyo-a-ucrania-ee-uu-los-27-y-los-23-de-la-comonwelth\/","title":{"rendered":"\u00a1\u00a1\u00a1\u00a1\u00a1&#8221;GRUPO DE APOYO A UCRANIA&#8221;: EE.UU., LOS 27 Y LOS 23 DE LA COMONWELTH !!!!"},"content":{"rendered":"<p><b>Cuando se habla del apoyo\u00a0a Ucrania contra Rusia, sabemos que est\u00e1n los EE:UU, los 27 de la Uni\u00f3n Europea, pero y el resto hasta los 50( del Comit\u00e9\u00a0de Apoyo) : 23 de la Comonwelth.<\/b><\/p>\n<p><strong>Enfrentamiento en toda regla.<\/strong><\/p>\n<p><strong>Y, sin embargo, los m\u00e1s damnificados son los paises europeos y el resto del mundo.<\/strong><\/p>\n<p><strong>Rusia resiste y el mundo se polariza.<\/strong><\/p>\n<p>&nbsp;<\/p>\n<!-- AddThis Advanced Settings generic via filter on the_content --><!-- AddThis Share Buttons generic via filter on the_content -->","protected":false},"excerpt":{"rendered":"<p>Cuando se habla del apoyo\u00a0a Ucrania contra Rusia, sabemos que est\u00e1n los EE:UU, los 27 de la Uni\u00f3n Europea, pero y el resto hasta los 50( del Comit\u00e9\u00a0de Apoyo) : 23 de la Comonwelth. Enfrentamiento en toda regla. Y, sin embargo, los m\u00e1s damnificados son los paises europeos y el resto del mundo. Rusia resiste [&hellip;]<!-- AddThis Advanced Settings generic via filter on get_the_excerpt --><!-- AddThis Share Buttons generic via filter on get_the_excerpt --><\/p>\n","protected":false},"author":16,"featured_media":0,"comment_status":"open","ping_status":"closed","sticky":false,"template":"","format":"standard","meta":[],"categories":[1],"tags":[],"_links":{"self":[{"href":"https:\/\/blogs.elcomercio.es\/reflexiones-de-belarmino\/wp-json\/wp\/v2\/posts\/25165"}],"collection":[{"href":"https:\/\/blogs.elcomercio.es\/reflexiones-de-belarmino\/wp-json\/wp\/v2\/posts"}],"about":[{"href":"https:\/\/blogs.elcomercio.es\/reflexiones-de-belarmino\/wp-json\/wp\/v2\/types\/post"}],"author":[{"embeddable":true,"href":"https:\/\/blogs.elcomercio.es\/reflexiones-de-belarmino\/wp-json\/wp\/v2\/users\/16"}],"replies":[{"embeddable":true,"href":"https:\/\/blogs.elcomercio.es\/reflexiones-de-belarmino\/wp-json\/wp\/v2\/comments?post=25165"}],"version-history":[{"count":3,"href":"https:\/\/blogs.elcomercio.es\/reflexiones-de-belarmino\/wp-json\/wp\/v2\/posts\/25165\/revisions"}],"predecessor-version":[{"id":25168,"href":"https:\/\/blogs.elcomercio.es\/reflexiones-de-belarmino\/wp-json\/wp\/v2\/posts\/25165\/revisions\/25168"}],"wp:attachment":[{"href":"https:\/\/blogs.elcomercio.es\/reflexiones-de-belarmino\/wp-json\/wp\/v2\/media?parent=25165"}],"wp:term":[{"taxonomy":"category","embeddable":true,"href":"https:\/\/blogs.elcomercio.es\/reflexiones-de-belarmino\/wp-json\/wp\/v2\/categories?post=25165"},{"taxonomy":"post_tag","embeddable":true,"href":"https:\/\/blogs.elcomercio.es\/reflexiones-de-belarmino\/wp-json\/wp\/v2\/tags?post=25165"}],"curies":[{"name":"wp","href":"https:\/\/api.w.org\/{rel}","templated":true}]}}