{"id":25176,"date":"2022-09-10T11:45:37","date_gmt":"2022-09-10T09:45:37","guid":{"rendered":"https:\/\/blogs.elcomercio.es\/reflexiones-de-belarmino\/?p=25176"},"modified":"2022-09-10T11:45:37","modified_gmt":"2022-09-10T09:45:37","slug":"europa-acuerda-intervenir-de-urgencia-el-mercado-energetico-por-miedo-a-una-recesion","status":"publish","type":"post","link":"https:\/\/blogs.elcomercio.es\/reflexiones-de-belarmino\/2022\/09\/10\/europa-acuerda-intervenir-de-urgencia-el-mercado-energetico-por-miedo-a-una-recesion\/","title":{"rendered":"\u00a1\u00a1\u00a1\u00a1\u00a1\u00a1EUROPA ACUERDA INTERVENIR DE URGENCIA EL MERCADO ENERG\u00c9TICO POR MIEDO A UNA RECESI\u00d3N !!!"},"content":{"rendered":"<p><b>Se han tomado algunas medidas en previsi\u00f3n a una guerra larga\u00a0y a recortes\u00a0de energ\u00eda\u00a0de\u00a0parte de Rusia.<\/b><\/p>\n<p><strong>Se anunci\u00f3:<\/strong><\/p>\n<p><b>1) Limitar\u00a0los beneficios a las electricas.<\/b><\/p>\n<p><strong>2)Limitar los precios del gas.<\/strong><\/p>\n<p><strong>3) Reducir el consumo de la luz.<\/strong><\/p>\n<p><strong>4) Ayudas a hogares y comercios.<\/strong><\/p>\n<!-- AddThis Advanced Settings generic via filter on the_content --><!-- AddThis Share Buttons generic via filter on the_content -->","protected":false},"excerpt":{"rendered":"<p>Se han tomado algunas medidas en previsi\u00f3n a una guerra larga\u00a0y a recortes\u00a0de energ\u00eda\u00a0de\u00a0parte de Rusia. Se anunci\u00f3: 1) Limitar\u00a0los beneficios a las electricas. 2)Limitar los precios del gas. 3) Reducir el consumo de la luz. 4) Ayudas a hogares y comercios.<!-- AddThis Advanced Settings generic via filter on get_the_excerpt --><!-- AddThis Share Buttons generic via filter on get_the_excerpt --><\/p>\n","protected":false},"author":16,"featured_media":0,"comment_status":"open","ping_status":"closed","sticky":false,"template":"","format":"standard","meta":[],"categories":[1],"tags":[],"_links":{"self":[{"href":"https:\/\/blogs.elcomercio.es\/reflexiones-de-belarmino\/wp-json\/wp\/v2\/posts\/25176"}],"collection":[{"href":"https:\/\/blogs.elcomercio.es\/reflexiones-de-belarmino\/wp-json\/wp\/v2\/posts"}],"about":[{"href":"https:\/\/blogs.elcomercio.es\/reflexiones-de-belarmino\/wp-json\/wp\/v2\/types\/post"}],"author":[{"embeddable":true,"href":"https:\/\/blogs.elcomercio.es\/reflexiones-de-belarmino\/wp-json\/wp\/v2\/users\/16"}],"replies":[{"embeddable":true,"href":"https:\/\/blogs.elcomercio.es\/reflexiones-de-belarmino\/wp-json\/wp\/v2\/comments?post=25176"}],"version-history":[{"count":1,"href":"https:\/\/blogs.elcomercio.es\/reflexiones-de-belarmino\/wp-json\/wp\/v2\/posts\/25176\/revisions"}],"predecessor-version":[{"id":25177,"href":"https:\/\/blogs.elcomercio.es\/reflexiones-de-belarmino\/wp-json\/wp\/v2\/posts\/25176\/revisions\/25177"}],"wp:attachment":[{"href":"https:\/\/blogs.elcomercio.es\/reflexiones-de-belarmino\/wp-json\/wp\/v2\/media?parent=25176"}],"wp:term":[{"taxonomy":"category","embeddable":true,"href":"https:\/\/blogs.elcomercio.es\/reflexiones-de-belarmino\/wp-json\/wp\/v2\/categories?post=25176"},{"taxonomy":"post_tag","embeddable":true,"href":"https:\/\/blogs.elcomercio.es\/reflexiones-de-belarmino\/wp-json\/wp\/v2\/tags?post=25176"}],"curies":[{"name":"wp","href":"https:\/\/api.w.org\/{rel}","templated":true}]}}