{"id":25188,"date":"2022-09-10T18:41:51","date_gmt":"2022-09-10T16:41:51","guid":{"rendered":"https:\/\/blogs.elcomercio.es\/reflexiones-de-belarmino\/?p=25188"},"modified":"2022-09-10T18:41:51","modified_gmt":"2022-09-10T16:41:51","slug":"al-nuevo-contertulio-de-vox-el-senor-canto-dona-isabel-le-quito-el-chiringuito-de-los-75000-y-se-lo-quito-de-encima","status":"publish","type":"post","link":"https:\/\/blogs.elcomercio.es\/reflexiones-de-belarmino\/2022\/09\/10\/al-nuevo-contertulio-de-vox-el-senor-canto-dona-isabel-le-quito-el-chiringuito-de-los-75000-y-se-lo-quito-de-encima\/","title":{"rendered":"\u00a1\u00a1\u00a1AL NUEVO CONTERTULIO DE VOX, EL SE\u00d1OR CANT\u00d3,  DO\u00d1A ISABEL LE QUIT\u00d3 EL CHIRINGUITO DE LOS 75,000 Y SE LO QUIT\u00d3 DE ENCIMA !!!"},"content":{"rendered":"<p><b>Tarde o temprano el oportunismo te lo cobran. Hace un a\u00f1o,el se\u00f1or Cant\u00f3, que se hab\u00eda\u00a0salido de todos los partidos, cuando ya no los necesitaba y do\u00f1a Isabel le hizo el gui\u00f1o, y el teatralmente, ante los medios sal\u00edan de Ciudadanos y se incorpor\u00f3\u00a0al proyecto de la Presidenta de Madrid. Y ah\u00ed, ella, le puso un chiringuito,como el que Esperanza Aguirre se lo puso a Abascal: Director General de la Oficina de Defensa del Espa\u00f1ol. 75,000 euros al a\u00f1os, oficina, auto del a\u00f1o de alta gama, asesores amigos suyos. Estaba en la gloria.<\/b><\/p>\n<p><b>Pero en tan s\u00f3lo un a\u00f1o, Do\u00f1a Isabel, de algo se dio\u00a0cuenta y le cerr\u00f3 el grifo. Golpe seco.<\/b><\/p>\n<p><strong>El actor, volvi\u00f3 a querer dar un golpe de efecto: &#8220;Me voy a un proyecto editorial nuevo muy importante&#8221;: Si, es el tertuliano de una plataforma de Vox, que ver\u00e1n unos miles.<\/strong><\/p>\n<p>&nbsp;<\/p>\n<p>&nbsp;<\/p>\n<p>&nbsp;<\/p>\n<!-- AddThis Advanced Settings generic via filter on the_content --><!-- AddThis Share Buttons generic via filter on the_content -->","protected":false},"excerpt":{"rendered":"<p>Tarde o temprano el oportunismo te lo cobran. Hace un a\u00f1o,el se\u00f1or Cant\u00f3, que se hab\u00eda\u00a0salido de todos los partidos, cuando ya no los necesitaba y do\u00f1a Isabel le hizo el gui\u00f1o, y el teatralmente, ante los medios sal\u00edan de Ciudadanos y se incorpor\u00f3\u00a0al proyecto de la Presidenta de Madrid. Y ah\u00ed, ella, le puso [&hellip;]<!-- AddThis Advanced Settings generic via filter on get_the_excerpt --><!-- AddThis Share Buttons generic via filter on get_the_excerpt --><\/p>\n","protected":false},"author":16,"featured_media":0,"comment_status":"open","ping_status":"closed","sticky":false,"template":"","format":"standard","meta":[],"categories":[1],"tags":[],"_links":{"self":[{"href":"https:\/\/blogs.elcomercio.es\/reflexiones-de-belarmino\/wp-json\/wp\/v2\/posts\/25188"}],"collection":[{"href":"https:\/\/blogs.elcomercio.es\/reflexiones-de-belarmino\/wp-json\/wp\/v2\/posts"}],"about":[{"href":"https:\/\/blogs.elcomercio.es\/reflexiones-de-belarmino\/wp-json\/wp\/v2\/types\/post"}],"author":[{"embeddable":true,"href":"https:\/\/blogs.elcomercio.es\/reflexiones-de-belarmino\/wp-json\/wp\/v2\/users\/16"}],"replies":[{"embeddable":true,"href":"https:\/\/blogs.elcomercio.es\/reflexiones-de-belarmino\/wp-json\/wp\/v2\/comments?post=25188"}],"version-history":[{"count":1,"href":"https:\/\/blogs.elcomercio.es\/reflexiones-de-belarmino\/wp-json\/wp\/v2\/posts\/25188\/revisions"}],"predecessor-version":[{"id":25189,"href":"https:\/\/blogs.elcomercio.es\/reflexiones-de-belarmino\/wp-json\/wp\/v2\/posts\/25188\/revisions\/25189"}],"wp:attachment":[{"href":"https:\/\/blogs.elcomercio.es\/reflexiones-de-belarmino\/wp-json\/wp\/v2\/media?parent=25188"}],"wp:term":[{"taxonomy":"category","embeddable":true,"href":"https:\/\/blogs.elcomercio.es\/reflexiones-de-belarmino\/wp-json\/wp\/v2\/categories?post=25188"},{"taxonomy":"post_tag","embeddable":true,"href":"https:\/\/blogs.elcomercio.es\/reflexiones-de-belarmino\/wp-json\/wp\/v2\/tags?post=25188"}],"curies":[{"name":"wp","href":"https:\/\/api.w.org\/{rel}","templated":true}]}}