{"id":25193,"date":"2022-09-10T19:11:45","date_gmt":"2022-09-10T17:11:45","guid":{"rendered":"https:\/\/blogs.elcomercio.es\/reflexiones-de-belarmino\/?p=25193"},"modified":"2022-09-10T19:13:10","modified_gmt":"2022-09-10T17:13:10","slug":"yolanda-diaz-me-evoca-a-aquella-generacion-que-cabezas-dijoson-los-de-octubre-los-de-siempre-en-la-batalla-del-mazucu","status":"publish","type":"post","link":"https:\/\/blogs.elcomercio.es\/reflexiones-de-belarmino\/2022\/09\/10\/yolanda-diaz-me-evoca-a-aquella-generacion-que-cabezas-dijoson-los-de-octubre-los-de-siempre-en-la-batalla-del-mazucu\/","title":{"rendered":"\u00a1\u00a1\u00a1 YOLANDA DIAZ ME EVOCA A AQUELLA GENERACI\u00d3N QUE CABEZAS DIJO:&#8221;SON LOS DE OCTUBRE, LOS DE SIEMPRE&#8221; EN LA BATALLA DEL MAZUCU!!! !!!"},"content":{"rendered":"<p><b>\u00a0Cuando con Higinio Carroceras, al lider anarquista al frente, luchaban con todo por parar al fascismo en 1937, en el Mazucu, hist\u00f3rico, Javier Bueno, el director de Avance le pregunto a Juan Antonio Cabezas ( cuyo talento nos dej\u00f3\u00a0 la LINEA MAGINOT CANT\u00c1BRICA),\u00a0 quienes eran: &#8221; Son los de octubre, los de siempre &#8230;.&#8221;.<\/b><\/p>\n<p><b>Aquellos &#8220;los de octubre, los de siempre&#8221; era la s\u00edntesis\u00a0de los socialistas, comunistas y anarquista que defend\u00edan, sin siglas al Frente Norte en 1936 y 1937.<\/b><\/p>\n<p><strong>Ochenta a\u00f1os despu\u00e9s, hay una figura, una mujer, lider natural,con principios, ideolog\u00eda y carisma, que me recuerda a aquel esfuerzo, y se llama YOLANDA DIAZ.<\/strong><\/p>\n<p><b>Yolanda D\u00edaz, que finalmente consigui\u00f3 lo de la cesta, por que ella mientras Margarita, Planas y dem\u00e1s iban, ella regresaba.No se hab\u00eda\u00a0roto la\u00a0Constituci\u00f3n HAB\u00cdA\u00a0OPERADO LA POL\u00cdTICA\u00a0DEL CONSENSO y la CESTA B\u00c1SICA\u00a0va a ser otro de sus aciertos.<\/b><\/p>\n<p><strong>En mi modesta opini\u00f3n, y conoc\u00ed a todos los dirigentes de M\u00e9xico y mis amigos all\u00ed lo saben , siempre opin\u00e9 que L\u00f3pez obrador era un lider de los que surgen cada 100 a\u00f1os, ya en el 2006, y as\u00ed result\u00f3.<\/strong><\/p>\n<p><strong>Y hoy considero que la principal figura pol\u00edtica de Espa\u00f1a, es esta gallega, carism\u00e1tica, madura y con proyectos firmes es Yolanda D\u00edaz.<\/strong><\/p>\n<p><b>Su esfuerzo para SUMAR que cuenta con ele apoyo\u00a0de los sindicatos espa\u00f1oles CC:OO: y UGT, y que recorre el pa\u00eds, va a ser estrat\u00e9gico, no en las\u00a0municipales donde no participar\u00e1 sino en las Generales.<\/b><\/p>\n<p><b> Y SUMAR y ella, van a ser estrat\u00e9gicos\u00a0para volver a derrotar a los representantes\u00a0de las minor\u00edas due\u00f1as de la naci\u00f3n, y tener con el PSOE, cuatro a\u00f1os mas para consolidar el proyecto actual.<\/b><\/p>\n<p><b>Modestamente, desde este blog vamos a dar seguimiento puntual de sus actividades y como ir\u00e1 creciendo\u00a0SUMAR(&#8221; son los de octubre, los de siempre&#8221;).<\/b><\/p>\n<p><b>Me atrever\u00eda a decir que Yolanda D\u00edaz puede llegar a ser la primera mujer\u00a0en presidir el Gobierno de Espa\u00f1a, dentro de los pr\u00f3ximos 10 a\u00f1os.<\/b><\/p>\n<p>&nbsp;<\/p>\n<!-- AddThis Advanced Settings generic via filter on the_content --><!-- AddThis Share Buttons generic via filter on the_content -->","protected":false},"excerpt":{"rendered":"<p>\u00a0Cuando con Higinio Carroceras, al lider anarquista al frente, luchaban con todo por parar al fascismo en 1937, en el Mazucu, hist\u00f3rico, Javier Bueno, el director de Avance le pregunto a Juan Antonio Cabezas ( cuyo talento nos dej\u00f3\u00a0 la LINEA MAGINOT CANT\u00c1BRICA),\u00a0 quienes eran: &#8221; Son los de octubre, los de siempre &#8230;.&#8221;. Aquellos [&hellip;]<!-- AddThis Advanced Settings generic via filter on get_the_excerpt --><!-- AddThis Share Buttons generic via filter on get_the_excerpt --><\/p>\n","protected":false},"author":16,"featured_media":0,"comment_status":"open","ping_status":"closed","sticky":false,"template":"","format":"standard","meta":[],"categories":[1],"tags":[],"_links":{"self":[{"href":"https:\/\/blogs.elcomercio.es\/reflexiones-de-belarmino\/wp-json\/wp\/v2\/posts\/25193"}],"collection":[{"href":"https:\/\/blogs.elcomercio.es\/reflexiones-de-belarmino\/wp-json\/wp\/v2\/posts"}],"about":[{"href":"https:\/\/blogs.elcomercio.es\/reflexiones-de-belarmino\/wp-json\/wp\/v2\/types\/post"}],"author":[{"embeddable":true,"href":"https:\/\/blogs.elcomercio.es\/reflexiones-de-belarmino\/wp-json\/wp\/v2\/users\/16"}],"replies":[{"embeddable":true,"href":"https:\/\/blogs.elcomercio.es\/reflexiones-de-belarmino\/wp-json\/wp\/v2\/comments?post=25193"}],"version-history":[{"count":5,"href":"https:\/\/blogs.elcomercio.es\/reflexiones-de-belarmino\/wp-json\/wp\/v2\/posts\/25193\/revisions"}],"predecessor-version":[{"id":25198,"href":"https:\/\/blogs.elcomercio.es\/reflexiones-de-belarmino\/wp-json\/wp\/v2\/posts\/25193\/revisions\/25198"}],"wp:attachment":[{"href":"https:\/\/blogs.elcomercio.es\/reflexiones-de-belarmino\/wp-json\/wp\/v2\/media?parent=25193"}],"wp:term":[{"taxonomy":"category","embeddable":true,"href":"https:\/\/blogs.elcomercio.es\/reflexiones-de-belarmino\/wp-json\/wp\/v2\/categories?post=25193"},{"taxonomy":"post_tag","embeddable":true,"href":"https:\/\/blogs.elcomercio.es\/reflexiones-de-belarmino\/wp-json\/wp\/v2\/tags?post=25193"}],"curies":[{"name":"wp","href":"https:\/\/api.w.org\/{rel}","templated":true}]}}