{"id":25199,"date":"2022-09-11T09:37:18","date_gmt":"2022-09-11T07:37:18","guid":{"rendered":"https:\/\/blogs.elcomercio.es\/reflexiones-de-belarmino\/?p=25199"},"modified":"2022-09-11T09:37:18","modified_gmt":"2022-09-11T07:37:18","slug":"los-14000-millones-de-dolares-de-los-windsor-y-la-cara-de-carlos-iii-ayer","status":"publish","type":"post","link":"https:\/\/blogs.elcomercio.es\/reflexiones-de-belarmino\/2022\/09\/11\/los-14000-millones-de-dolares-de-los-windsor-y-la-cara-de-carlos-iii-ayer\/","title":{"rendered":"\u00a1\u00a1\u00a1\u00a1\u00a1LOS 14,000 MILLONES DE DOLARES DE LOS WINDSOR Y LA CARA DE CARLOS III AYER !!!"},"content":{"rendered":"<p><b>Una cosa es el reconocimiento\u00a0de una persona p\u00fablica y su esfuerzo e imagen interna y mundial como lo ha sido la muerte\u00a0de Isabel II, y otra es, entre la euforia de los medios, de las televisoras, no analizar algunas cosas de Carlos III y la dinast\u00eda de los Windsor.<\/b><\/p>\n<p><b>Cuando trasciende a\u00f1o con a\u00f1o, la historia de la dinast\u00eda desde Jorge V, primo del Zar NIcolas II y familiar, por la reina Victoria de Guillermo II, el kaiser alem\u00e1n, y como se enfrentaron entre ellos en la Primera Guerra Mundial, y como el abuelo de Isabel, le neg\u00f3 la enetrada al primo, al Zar y su familia\u00a0 antes de que fueran fusilados por la revoluci\u00f3n rusa, uno empieza a entender como el Imperio Brit\u00e1nico\u00a0fue diluy\u00e9ndose.<\/b><\/p>\n<p><b>El autoritarismo de aquel Jorge V lo llev\u00f3 a dejar a dos hijos tan tocados( Eduardo VIII y Jorge VI, el padre de la reina Isabel II), que estuvieron a punto de fracturarse, cuando el heredero Eduardo harto de la\u00a0 disciplina que les que quit\u00f3 la infancia, encuentra en los Estados Unidos la libertad fuera del corset de la familia real, termina cas\u00e1ndose\u00a0con la norteamericana Wallis Simpson\u00a0 y abdica, donde el hermano menor, que tartamudeaba, d\u00e9bil, hereda una corona que no deseaba, y como fallece a los 56 a\u00f1os, dejando a su hija mayor Isabel como reina a los 26 a\u00f1os..<\/b><\/p>\n<p><strong>Y ah\u00ed, en plena Segunda Guerra Mundial, aquella muchacha y sus padres quedan\u00a0 con el pueblo brit\u00e1nico en el Londres bombardeado, que abre un parteaguas para una mujer que consolida durante 70 a\u00f1os la monarqu\u00eda de Reino Unido, hasta ayer.<\/strong><\/p>\n<p><b>En el camino una familia m\u00e1s con sus desavenencia, infidelidades pero que acumul\u00f3 14,000 millones de d\u00f3lares, que es el patrimonio que recibe Carlos III, que hace que hasta Megan viaje a Balmoral.<\/b><\/p>\n<p><strong>Est\u00e1 en juego una de las m\u00e1s importantes fortunas, donde entre castillos, joyas, autos de lujo, caballos y cisnes, est\u00e1 el 1.5 de la tierra cultivada en la Gran Breta\u00f1a.<\/strong><\/p>\n<p><b>Pero, entre lo acumulado\u00a0y lo hecho por el entonces Principe de Gales, todo lo hecho por Juan Carlos I, fue un infantilismo.<\/b><\/p>\n<p><strong>&#8220;De donde sacan a este gente, odio al pueblo&#8221; se le oy\u00f3 decir ante un\u00a0 baile de una de sus colonias&#8221;.<\/strong><\/p>\n<p><b>Todo era serenidad y dolor ante la gente, hasta que ayer, en la firma de su nombramiento, en una mesa peque\u00f1a con tantos documentos, hasta el tintero falt\u00f3, y cuando se dio\u00a0cuenta, salieron los colmillos\u00a0del autentico personaje.Su cara, es la imagen de ayer.<\/b><\/p>\n<p><b>Lo que le pase al Reino Unido este rey, y su nueva primera ministra, ser\u00e1 u problema de los habitantes del pa\u00eds, que tendr\u00e1n que enfrentar los retos de este momento, sin la fuerza de Isabel II, y con los problemas del Brexit, de la inflaci\u00f3n\u00a0que llegar\u00e1 al 20 %, las tensiones sociales.El Reino Unido y sus Commomenwelth ver\u00e1n diluirse su poder, de donde Gandhi y Mandela sacaron a la India y a Sud\u00e1frica a tiempo.<\/b><\/p>\n<p><strong>Mientras, el mundo recibe como un b\u00e1lsamo las imagenes de la pr\u00f3xima semana, el mundo cruel sigue su curso, con los mismos problemas y riesgos.<\/strong><\/p>\n<p>&nbsp;<\/p>\n<p>&nbsp;<\/p>\n<p>&nbsp;<\/p>\n<p>&nbsp;<\/p>\n<p>&nbsp;<\/p>\n<!-- AddThis Advanced Settings generic via filter on the_content --><!-- AddThis Share Buttons generic via filter on the_content -->","protected":false},"excerpt":{"rendered":"<p>Una cosa es el reconocimiento\u00a0de una persona p\u00fablica y su esfuerzo e imagen interna y mundial como lo ha sido la muerte\u00a0de Isabel II, y otra es, entre la euforia de los medios, de las televisoras, no analizar algunas cosas de Carlos III y la dinast\u00eda de los Windsor. Cuando trasciende a\u00f1o con a\u00f1o, la [&hellip;]<!-- AddThis Advanced Settings generic via filter on get_the_excerpt --><!-- AddThis Share Buttons generic via filter on get_the_excerpt --><\/p>\n","protected":false},"author":16,"featured_media":0,"comment_status":"open","ping_status":"closed","sticky":false,"template":"","format":"standard","meta":[],"categories":[1],"tags":[],"_links":{"self":[{"href":"https:\/\/blogs.elcomercio.es\/reflexiones-de-belarmino\/wp-json\/wp\/v2\/posts\/25199"}],"collection":[{"href":"https:\/\/blogs.elcomercio.es\/reflexiones-de-belarmino\/wp-json\/wp\/v2\/posts"}],"about":[{"href":"https:\/\/blogs.elcomercio.es\/reflexiones-de-belarmino\/wp-json\/wp\/v2\/types\/post"}],"author":[{"embeddable":true,"href":"https:\/\/blogs.elcomercio.es\/reflexiones-de-belarmino\/wp-json\/wp\/v2\/users\/16"}],"replies":[{"embeddable":true,"href":"https:\/\/blogs.elcomercio.es\/reflexiones-de-belarmino\/wp-json\/wp\/v2\/comments?post=25199"}],"version-history":[{"count":2,"href":"https:\/\/blogs.elcomercio.es\/reflexiones-de-belarmino\/wp-json\/wp\/v2\/posts\/25199\/revisions"}],"predecessor-version":[{"id":25201,"href":"https:\/\/blogs.elcomercio.es\/reflexiones-de-belarmino\/wp-json\/wp\/v2\/posts\/25199\/revisions\/25201"}],"wp:attachment":[{"href":"https:\/\/blogs.elcomercio.es\/reflexiones-de-belarmino\/wp-json\/wp\/v2\/media?parent=25199"}],"wp:term":[{"taxonomy":"category","embeddable":true,"href":"https:\/\/blogs.elcomercio.es\/reflexiones-de-belarmino\/wp-json\/wp\/v2\/categories?post=25199"},{"taxonomy":"post_tag","embeddable":true,"href":"https:\/\/blogs.elcomercio.es\/reflexiones-de-belarmino\/wp-json\/wp\/v2\/tags?post=25199"}],"curies":[{"name":"wp","href":"https:\/\/api.w.org\/{rel}","templated":true}]}}