{"id":25206,"date":"2022-09-11T09:50:01","date_gmt":"2022-09-11T07:50:01","guid":{"rendered":"https:\/\/blogs.elcomercio.es\/reflexiones-de-belarmino\/?p=25206"},"modified":"2022-09-11T09:50:01","modified_gmt":"2022-09-11T07:50:01","slug":"hoy-11-de-septiembre-hace-50-anos-fue-asesinado-salvador-allende-primer-presidente-socialista-llegado-por-via-democratica","status":"publish","type":"post","link":"https:\/\/blogs.elcomercio.es\/reflexiones-de-belarmino\/2022\/09\/11\/hoy-11-de-septiembre-hace-50-anos-fue-asesinado-salvador-allende-primer-presidente-socialista-llegado-por-via-democratica\/","title":{"rendered":"\u00a1\u00a1\u00a1\u00a1HOY 11 DE SEPTIEMBRE , HACE 50 A\u00d1OS, FUE ASESINADO  SALVADOR ALLENDE PRIMER PRESIDENTE SOCIALISTA LLEGADO POR V\u00cdA DEMOCR\u00c1TICA!!!!"},"content":{"rendered":"<p><strong>Hoy para Occidente, fue el atentado a las Torres Gemelas, pero para muchos en el mundo fue el d\u00eda que bajo las ordenes de Kissinger, Pinochet acabo con el gobierno del presidente Salvador Allende en Chile.<\/strong><\/p>\n<p><strong>Lo recordamos con respeto y cari\u00f1o.<\/strong><\/p>\n<p>&nbsp;<\/p>\n<!-- AddThis Advanced Settings generic via filter on the_content --><!-- AddThis Share Buttons generic via filter on the_content -->","protected":false},"excerpt":{"rendered":"<p>Hoy para Occidente, fue el atentado a las Torres Gemelas, pero para muchos en el mundo fue el d\u00eda que bajo las ordenes de Kissinger, Pinochet acabo con el gobierno del presidente Salvador Allende en Chile. Lo recordamos con respeto y cari\u00f1o. &nbsp;<!-- AddThis Advanced Settings generic via filter on get_the_excerpt --><!-- AddThis Share Buttons generic via filter on get_the_excerpt --><\/p>\n","protected":false},"author":16,"featured_media":0,"comment_status":"open","ping_status":"closed","sticky":false,"template":"","format":"standard","meta":[],"categories":[1],"tags":[],"_links":{"self":[{"href":"https:\/\/blogs.elcomercio.es\/reflexiones-de-belarmino\/wp-json\/wp\/v2\/posts\/25206"}],"collection":[{"href":"https:\/\/blogs.elcomercio.es\/reflexiones-de-belarmino\/wp-json\/wp\/v2\/posts"}],"about":[{"href":"https:\/\/blogs.elcomercio.es\/reflexiones-de-belarmino\/wp-json\/wp\/v2\/types\/post"}],"author":[{"embeddable":true,"href":"https:\/\/blogs.elcomercio.es\/reflexiones-de-belarmino\/wp-json\/wp\/v2\/users\/16"}],"replies":[{"embeddable":true,"href":"https:\/\/blogs.elcomercio.es\/reflexiones-de-belarmino\/wp-json\/wp\/v2\/comments?post=25206"}],"version-history":[{"count":1,"href":"https:\/\/blogs.elcomercio.es\/reflexiones-de-belarmino\/wp-json\/wp\/v2\/posts\/25206\/revisions"}],"predecessor-version":[{"id":25207,"href":"https:\/\/blogs.elcomercio.es\/reflexiones-de-belarmino\/wp-json\/wp\/v2\/posts\/25206\/revisions\/25207"}],"wp:attachment":[{"href":"https:\/\/blogs.elcomercio.es\/reflexiones-de-belarmino\/wp-json\/wp\/v2\/media?parent=25206"}],"wp:term":[{"taxonomy":"category","embeddable":true,"href":"https:\/\/blogs.elcomercio.es\/reflexiones-de-belarmino\/wp-json\/wp\/v2\/categories?post=25206"},{"taxonomy":"post_tag","embeddable":true,"href":"https:\/\/blogs.elcomercio.es\/reflexiones-de-belarmino\/wp-json\/wp\/v2\/tags?post=25206"}],"curies":[{"name":"wp","href":"https:\/\/api.w.org\/{rel}","templated":true}]}}