{"id":25216,"date":"2022-09-11T16:18:52","date_gmt":"2022-09-11T14:18:52","guid":{"rendered":"https:\/\/blogs.elcomercio.es\/reflexiones-de-belarmino\/?p=25216"},"modified":"2022-09-11T16:18:52","modified_gmt":"2022-09-11T14:18:52","slug":"este-verano-con-20000-muertos-mas-solo-comparable-con-1941","status":"publish","type":"post","link":"https:\/\/blogs.elcomercio.es\/reflexiones-de-belarmino\/2022\/09\/11\/este-verano-con-20000-muertos-mas-solo-comparable-con-1941\/","title":{"rendered":"\u00a1\u00a1\u00a1\u00a1ESTE VERANO CON 20,000 MUERTOS MAS, SOLO COMPARABLE CON 1941 !!!"},"content":{"rendered":"<p><strong>De junio a agosto, este a\u00f1o han sido detectado 20,000 muertos m\u00e1s de los normales, a niveles que s\u00f3lo se ve\u00edan desde 1941, muy posiblemente debido al Cambio Clim\u00e1tico.Hablamos por supuesto s\u00f3lo de Espa\u00f1a.<\/strong><\/p>\n<p><b>Hoy el paso por la cercan\u00eda\u00a0de Danielle ya no como hurac\u00e1n\u00a0sino como tormenta\u00a0 tropical en la costa de Portugal y Galicia, ha empujado el calor hacia el interior del pa\u00eds, siendo de nuevo un d\u00eda caluroso.<\/b><\/p>\n<!-- AddThis Advanced Settings generic via filter on the_content --><!-- AddThis Share Buttons generic via filter on the_content -->","protected":false},"excerpt":{"rendered":"<p>De junio a agosto, este a\u00f1o han sido detectado 20,000 muertos m\u00e1s de los normales, a niveles que s\u00f3lo se ve\u00edan desde 1941, muy posiblemente debido al Cambio Clim\u00e1tico.Hablamos por supuesto s\u00f3lo de Espa\u00f1a. Hoy el paso por la cercan\u00eda\u00a0de Danielle ya no como hurac\u00e1n\u00a0sino como tormenta\u00a0 tropical en la costa de Portugal y Galicia, [&hellip;]<!-- AddThis Advanced Settings generic via filter on get_the_excerpt --><!-- AddThis Share Buttons generic via filter on get_the_excerpt --><\/p>\n","protected":false},"author":16,"featured_media":0,"comment_status":"open","ping_status":"closed","sticky":false,"template":"","format":"standard","meta":[],"categories":[1],"tags":[],"_links":{"self":[{"href":"https:\/\/blogs.elcomercio.es\/reflexiones-de-belarmino\/wp-json\/wp\/v2\/posts\/25216"}],"collection":[{"href":"https:\/\/blogs.elcomercio.es\/reflexiones-de-belarmino\/wp-json\/wp\/v2\/posts"}],"about":[{"href":"https:\/\/blogs.elcomercio.es\/reflexiones-de-belarmino\/wp-json\/wp\/v2\/types\/post"}],"author":[{"embeddable":true,"href":"https:\/\/blogs.elcomercio.es\/reflexiones-de-belarmino\/wp-json\/wp\/v2\/users\/16"}],"replies":[{"embeddable":true,"href":"https:\/\/blogs.elcomercio.es\/reflexiones-de-belarmino\/wp-json\/wp\/v2\/comments?post=25216"}],"version-history":[{"count":1,"href":"https:\/\/blogs.elcomercio.es\/reflexiones-de-belarmino\/wp-json\/wp\/v2\/posts\/25216\/revisions"}],"predecessor-version":[{"id":25217,"href":"https:\/\/blogs.elcomercio.es\/reflexiones-de-belarmino\/wp-json\/wp\/v2\/posts\/25216\/revisions\/25217"}],"wp:attachment":[{"href":"https:\/\/blogs.elcomercio.es\/reflexiones-de-belarmino\/wp-json\/wp\/v2\/media?parent=25216"}],"wp:term":[{"taxonomy":"category","embeddable":true,"href":"https:\/\/blogs.elcomercio.es\/reflexiones-de-belarmino\/wp-json\/wp\/v2\/categories?post=25216"},{"taxonomy":"post_tag","embeddable":true,"href":"https:\/\/blogs.elcomercio.es\/reflexiones-de-belarmino\/wp-json\/wp\/v2\/tags?post=25216"}],"curies":[{"name":"wp","href":"https:\/\/api.w.org\/{rel}","templated":true}]}}