{"id":25220,"date":"2022-09-11T16:41:43","date_gmt":"2022-09-11T14:41:43","guid":{"rendered":"https:\/\/blogs.elcomercio.es\/reflexiones-de-belarmino\/?p=25220"},"modified":"2022-09-11T16:41:43","modified_gmt":"2022-09-11T14:41:43","slug":"cruza-8-1-kms-de-la-ciudad-de-este-a-oeste-el-segundo-nivel-exclusivo-para-trolebuses-electricos","status":"publish","type":"post","link":"https:\/\/blogs.elcomercio.es\/reflexiones-de-belarmino\/2022\/09\/11\/cruza-8-1-kms-de-la-ciudad-de-este-a-oeste-el-segundo-nivel-exclusivo-para-trolebuses-electricos\/","title":{"rendered":"\u00a1\u00a1\u00a1\u00a1\u00a1CRUZA 8.1 KMS DE LA CIUDAD DE ESTE A OESTE; EL SEGUNDO NIVEL EXCLUSIVO PARA TROLEBUSES EL\u00c9CTRICOS !!!"},"content":{"rendered":"<p><b>Claudia Schenbeaum, la gobernadora de la ciudad tuvo una gran idea y en estos a\u00f1os cre\u00f3 el segundo piso que cruza\u00a0 de este a oeste de la ciudad de M\u00e9xico, donde s\u00f3lo transitar\u00e1n los trolebuses(el\u00e9ctricos\u00a0y sin problemas de v\u00edas ), por\u00a0 8.1 kil\u00f3metros, que bajar\u00e1 el tiempo de transporte de los trabajadores m\u00e1s sencillos , disminuir\u00e1 la contaminaci\u00f3n\u00a0y \u00a0favorecer\u00e1 a 250,000 ciudadanos el d\u00eda.<\/b><\/p>\n<!-- AddThis Advanced Settings generic via filter on the_content --><!-- AddThis Share Buttons generic via filter on the_content -->","protected":false},"excerpt":{"rendered":"<p>Claudia Schenbeaum, la gobernadora de la ciudad tuvo una gran idea y en estos a\u00f1os cre\u00f3 el segundo piso que cruza\u00a0 de este a oeste de la ciudad de M\u00e9xico, donde s\u00f3lo transitar\u00e1n los trolebuses(el\u00e9ctricos\u00a0y sin problemas de v\u00edas ), por\u00a0 8.1 kil\u00f3metros, que bajar\u00e1 el tiempo de transporte de los trabajadores m\u00e1s sencillos , [&hellip;]<!-- AddThis Advanced Settings generic via filter on get_the_excerpt --><!-- AddThis Share Buttons generic via filter on get_the_excerpt --><\/p>\n","protected":false},"author":16,"featured_media":0,"comment_status":"open","ping_status":"closed","sticky":false,"template":"","format":"standard","meta":[],"categories":[1],"tags":[],"_links":{"self":[{"href":"https:\/\/blogs.elcomercio.es\/reflexiones-de-belarmino\/wp-json\/wp\/v2\/posts\/25220"}],"collection":[{"href":"https:\/\/blogs.elcomercio.es\/reflexiones-de-belarmino\/wp-json\/wp\/v2\/posts"}],"about":[{"href":"https:\/\/blogs.elcomercio.es\/reflexiones-de-belarmino\/wp-json\/wp\/v2\/types\/post"}],"author":[{"embeddable":true,"href":"https:\/\/blogs.elcomercio.es\/reflexiones-de-belarmino\/wp-json\/wp\/v2\/users\/16"}],"replies":[{"embeddable":true,"href":"https:\/\/blogs.elcomercio.es\/reflexiones-de-belarmino\/wp-json\/wp\/v2\/comments?post=25220"}],"version-history":[{"count":1,"href":"https:\/\/blogs.elcomercio.es\/reflexiones-de-belarmino\/wp-json\/wp\/v2\/posts\/25220\/revisions"}],"predecessor-version":[{"id":25221,"href":"https:\/\/blogs.elcomercio.es\/reflexiones-de-belarmino\/wp-json\/wp\/v2\/posts\/25220\/revisions\/25221"}],"wp:attachment":[{"href":"https:\/\/blogs.elcomercio.es\/reflexiones-de-belarmino\/wp-json\/wp\/v2\/media?parent=25220"}],"wp:term":[{"taxonomy":"category","embeddable":true,"href":"https:\/\/blogs.elcomercio.es\/reflexiones-de-belarmino\/wp-json\/wp\/v2\/categories?post=25220"},{"taxonomy":"post_tag","embeddable":true,"href":"https:\/\/blogs.elcomercio.es\/reflexiones-de-belarmino\/wp-json\/wp\/v2\/tags?post=25220"}],"curies":[{"name":"wp","href":"https:\/\/api.w.org\/{rel}","templated":true}]}}