{"id":25222,"date":"2022-09-11T16:48:17","date_gmt":"2022-09-11T14:48:17","guid":{"rendered":"https:\/\/blogs.elcomercio.es\/reflexiones-de-belarmino\/?p=25222"},"modified":"2022-09-11T16:48:17","modified_gmt":"2022-09-11T14:48:17","slug":"el-verdadero-y-vergonzoso-barullu-de-la-fsa-en-gijon-por-escuchar-a-1200-personas","status":"publish","type":"post","link":"https:\/\/blogs.elcomercio.es\/reflexiones-de-belarmino\/2022\/09\/11\/el-verdadero-y-vergonzoso-barullu-de-la-fsa-en-gijon-por-escuchar-a-1200-personas\/","title":{"rendered":"\u00a1\u00a1\u00a1\u00a1EL VERDADERO Y VERGONZOSO  &#8220;BARULLU&#8221; DE LA FSA EN GIJON, POR ESCUCHAR A 1,200 PERSONAS !!!"},"content":{"rendered":"<p><b>Increible lo que est\u00e1 pasando en Gij\u00f3n. Lo que era la petici\u00f3n\u00a0de una primarias en la Agrupacion Socialista\u00a0de Gij\u00f3n, fue enredado por el presidente del Principado al llamar &#8220;barullu&#8221; a unas primarias donde\u00a0participan&#8230;&#8230;1,200 personas, que ahora llenan los dos diarios locales de noticias, ataques y r\u00e9plicas,\u00a0 creando en tan s\u00f3lo 10 d\u00edas un verdadero &#8220;barullu&#8221; indigno de un partido con la historia m\u00e1s que centenaria.<\/b><\/p>\n<!-- AddThis Advanced Settings generic via filter on the_content --><!-- AddThis Share Buttons generic via filter on the_content -->","protected":false},"excerpt":{"rendered":"<p>Increible lo que est\u00e1 pasando en Gij\u00f3n. Lo que era la petici\u00f3n\u00a0de una primarias en la Agrupacion Socialista\u00a0de Gij\u00f3n, fue enredado por el presidente del Principado al llamar &#8220;barullu&#8221; a unas primarias donde\u00a0participan&#8230;&#8230;1,200 personas, que ahora llenan los dos diarios locales de noticias, ataques y r\u00e9plicas,\u00a0 creando en tan s\u00f3lo 10 d\u00edas un verdadero &#8220;barullu&#8221; [&hellip;]<!-- AddThis Advanced Settings generic via filter on get_the_excerpt --><!-- AddThis Share Buttons generic via filter on get_the_excerpt --><\/p>\n","protected":false},"author":16,"featured_media":0,"comment_status":"open","ping_status":"closed","sticky":false,"template":"","format":"standard","meta":[],"categories":[1],"tags":[],"_links":{"self":[{"href":"https:\/\/blogs.elcomercio.es\/reflexiones-de-belarmino\/wp-json\/wp\/v2\/posts\/25222"}],"collection":[{"href":"https:\/\/blogs.elcomercio.es\/reflexiones-de-belarmino\/wp-json\/wp\/v2\/posts"}],"about":[{"href":"https:\/\/blogs.elcomercio.es\/reflexiones-de-belarmino\/wp-json\/wp\/v2\/types\/post"}],"author":[{"embeddable":true,"href":"https:\/\/blogs.elcomercio.es\/reflexiones-de-belarmino\/wp-json\/wp\/v2\/users\/16"}],"replies":[{"embeddable":true,"href":"https:\/\/blogs.elcomercio.es\/reflexiones-de-belarmino\/wp-json\/wp\/v2\/comments?post=25222"}],"version-history":[{"count":1,"href":"https:\/\/blogs.elcomercio.es\/reflexiones-de-belarmino\/wp-json\/wp\/v2\/posts\/25222\/revisions"}],"predecessor-version":[{"id":25223,"href":"https:\/\/blogs.elcomercio.es\/reflexiones-de-belarmino\/wp-json\/wp\/v2\/posts\/25222\/revisions\/25223"}],"wp:attachment":[{"href":"https:\/\/blogs.elcomercio.es\/reflexiones-de-belarmino\/wp-json\/wp\/v2\/media?parent=25222"}],"wp:term":[{"taxonomy":"category","embeddable":true,"href":"https:\/\/blogs.elcomercio.es\/reflexiones-de-belarmino\/wp-json\/wp\/v2\/categories?post=25222"},{"taxonomy":"post_tag","embeddable":true,"href":"https:\/\/blogs.elcomercio.es\/reflexiones-de-belarmino\/wp-json\/wp\/v2\/tags?post=25222"}],"curies":[{"name":"wp","href":"https:\/\/api.w.org\/{rel}","templated":true}]}}