{"id":25224,"date":"2022-09-11T16:56:49","date_gmt":"2022-09-11T14:56:49","guid":{"rendered":"https:\/\/blogs.elcomercio.es\/reflexiones-de-belarmino\/?p=25224"},"modified":"2022-09-11T16:56:49","modified_gmt":"2022-09-11T14:56:49","slug":"los-halcones-toman-el-banco-central-europeo-y-ponen-fin-a-compra-de-deuda-y-no-subir-intereses","status":"publish","type":"post","link":"https:\/\/blogs.elcomercio.es\/reflexiones-de-belarmino\/2022\/09\/11\/los-halcones-toman-el-banco-central-europeo-y-ponen-fin-a-compra-de-deuda-y-no-subir-intereses\/","title":{"rendered":"\u00a1\u00a1\u00a1\u00a1LOS &#8220;HALCONES&#8221; TOMAN EL BANCO CENTRAL EUROPEO Y PONEN FIN A COMPRA DE DEUDA Y NO SUBIR INTERESES !!!"},"content":{"rendered":"<p><b>Los &#8221; halcones&#8221; han llegado al Banco Central Europeo, acabando\u00a0con m\u00e1s\u00a0de 10 a\u00f1os de mantener sin aumento el tipo de inter\u00e9s\u00a0y ayudando a compras de dinero.<\/b><\/p>\n<p><b>El aumento de las tasas de inter\u00e9s\u00a0a\u00a0 1.25 y con la amenaza de subirlos 75 puntos m\u00e1s en diciembre y luego 50 hasta 2.50, de entrada est\u00e1 beneficiando a los grandes bancos, perjudicando a los due\u00f1os de las hipotecas y, sobre todo a los paises con deuda externa elevada.<\/b><\/p>\n<p><b>Nadia Calvi\u00f1o, sabe mejor\u00a0que nadie, lo que ello va a significar para Europa y para Espa\u00f1a en particular, al reducir el valor de los presupuesto para 2023.<\/b><\/p>\n<!-- AddThis Advanced Settings generic via filter on the_content --><!-- AddThis Share Buttons generic via filter on the_content -->","protected":false},"excerpt":{"rendered":"<p>Los &#8221; halcones&#8221; han llegado al Banco Central Europeo, acabando\u00a0con m\u00e1s\u00a0de 10 a\u00f1os de mantener sin aumento el tipo de inter\u00e9s\u00a0y ayudando a compras de dinero. El aumento de las tasas de inter\u00e9s\u00a0a\u00a0 1.25 y con la amenaza de subirlos 75 puntos m\u00e1s en diciembre y luego 50 hasta 2.50, de entrada est\u00e1 beneficiando a [&hellip;]<!-- AddThis Advanced Settings generic via filter on get_the_excerpt --><!-- AddThis Share Buttons generic via filter on get_the_excerpt --><\/p>\n","protected":false},"author":16,"featured_media":0,"comment_status":"open","ping_status":"closed","sticky":false,"template":"","format":"standard","meta":[],"categories":[1],"tags":[],"_links":{"self":[{"href":"https:\/\/blogs.elcomercio.es\/reflexiones-de-belarmino\/wp-json\/wp\/v2\/posts\/25224"}],"collection":[{"href":"https:\/\/blogs.elcomercio.es\/reflexiones-de-belarmino\/wp-json\/wp\/v2\/posts"}],"about":[{"href":"https:\/\/blogs.elcomercio.es\/reflexiones-de-belarmino\/wp-json\/wp\/v2\/types\/post"}],"author":[{"embeddable":true,"href":"https:\/\/blogs.elcomercio.es\/reflexiones-de-belarmino\/wp-json\/wp\/v2\/users\/16"}],"replies":[{"embeddable":true,"href":"https:\/\/blogs.elcomercio.es\/reflexiones-de-belarmino\/wp-json\/wp\/v2\/comments?post=25224"}],"version-history":[{"count":2,"href":"https:\/\/blogs.elcomercio.es\/reflexiones-de-belarmino\/wp-json\/wp\/v2\/posts\/25224\/revisions"}],"predecessor-version":[{"id":25226,"href":"https:\/\/blogs.elcomercio.es\/reflexiones-de-belarmino\/wp-json\/wp\/v2\/posts\/25224\/revisions\/25226"}],"wp:attachment":[{"href":"https:\/\/blogs.elcomercio.es\/reflexiones-de-belarmino\/wp-json\/wp\/v2\/media?parent=25224"}],"wp:term":[{"taxonomy":"category","embeddable":true,"href":"https:\/\/blogs.elcomercio.es\/reflexiones-de-belarmino\/wp-json\/wp\/v2\/categories?post=25224"},{"taxonomy":"post_tag","embeddable":true,"href":"https:\/\/blogs.elcomercio.es\/reflexiones-de-belarmino\/wp-json\/wp\/v2\/tags?post=25224"}],"curies":[{"name":"wp","href":"https:\/\/api.w.org\/{rel}","templated":true}]}}