{"id":25227,"date":"2022-09-11T17:30:41","date_gmt":"2022-09-11T15:30:41","guid":{"rendered":"https:\/\/blogs.elcomercio.es\/reflexiones-de-belarmino\/?p=25227"},"modified":"2022-09-11T17:30:41","modified_gmt":"2022-09-11T15:30:41","slug":"el-nino-y-la-nina-y-los-grandes-destrozos-mundiales","status":"publish","type":"post","link":"https:\/\/blogs.elcomercio.es\/reflexiones-de-belarmino\/2022\/09\/11\/el-nino-y-la-nina-y-los-grandes-destrozos-mundiales\/","title":{"rendered":"\u00a1\u00a1\u00a1\u00a1 El &#8220;NI\u00d1O &#8221; Y LA &#8220;NI\u00d1A&#8221;,  Y LOS GRANDES DESTROZOS MUNDIALES !!!"},"content":{"rendered":"<p><b>En\u00a0 1892 se detect\u00f3 por primera vez este fen\u00f3meno en Per\u00fa..Al llegar Navidad, los pescadores ve\u00edan que disminu\u00eda la pesca abruptamente cada 7 a\u00f1os, y llamaron as\u00ed a ese fen\u00f3meno&#8221;el Ni\u00f1o o la Ni\u00f1a considerando que el Ni\u00f1o Jes\u00fas hab\u00eda\u00a0hecho un alto para descansar y volver con m\u00e1s br\u00edos&#8221;.<\/b><\/p>\n<p><b>Se trataba de un fen\u00f3meno\u00a0que suele ocurrir cada 7 a\u00f1os, con una duraci\u00f3n de 12 a 18 meses, en donde los vientos\u00a0aliseos del Pacifico Tropical, se enfr\u00edan y hacen que las aguas suban hasta 12 grados m\u00e1s de temperatura, lo que hace que hayan mas lluvias que desencadenen no s\u00f3lo en esa zona, sino en todo el mundo, inundaciones, torrenciales, huracanes u tornados. Cuando sube la temperatura\u00a0de ese mar se la llama\u00a0El Ni\u00f1o y cuando baja se le llama\u00a0 la Ni\u00f1a.<\/b><\/p>\n<p><b>Es un fen\u00f3meno natural caracterizado, pues, por la fluctuaci\u00f3n de las temperaturas de ese Pacifico Oriental y que causa cambios notables en la atm\u00f3sfera\u00a0y el cambio del clima.<\/b><\/p>\n<p><strong>Se qued\u00f3 con ese nombre por que as\u00ed lo consideraban los pescadores.<\/strong><\/p>\n<p><b>El Fen\u00f3meno, ha producido y produce grandes devastaciones en Asia,\u00a0 y en Am\u00e9rica.<\/b><\/p>\n<p><b>Hay un seguimiento mundial\u00a0 ya desde hace 20\u00a0 a\u00f1os para amortiguar los destrozos.<\/b><\/p>\n<p>&nbsp;<\/p>\n<p>&nbsp;<\/p>\n<!-- AddThis Advanced Settings generic via filter on the_content --><!-- AddThis Share Buttons generic via filter on the_content -->","protected":false},"excerpt":{"rendered":"<p>En\u00a0 1892 se detect\u00f3 por primera vez este fen\u00f3meno en Per\u00fa..Al llegar Navidad, los pescadores ve\u00edan que disminu\u00eda la pesca abruptamente cada 7 a\u00f1os, y llamaron as\u00ed a ese fen\u00f3meno&#8221;el Ni\u00f1o o la Ni\u00f1a considerando que el Ni\u00f1o Jes\u00fas hab\u00eda\u00a0hecho un alto para descansar y volver con m\u00e1s br\u00edos&#8221;. Se trataba de un fen\u00f3meno\u00a0que suele [&hellip;]<!-- AddThis Advanced Settings generic via filter on get_the_excerpt --><!-- AddThis Share Buttons generic via filter on get_the_excerpt --><\/p>\n","protected":false},"author":16,"featured_media":0,"comment_status":"open","ping_status":"closed","sticky":false,"template":"","format":"standard","meta":[],"categories":[1],"tags":[],"_links":{"self":[{"href":"https:\/\/blogs.elcomercio.es\/reflexiones-de-belarmino\/wp-json\/wp\/v2\/posts\/25227"}],"collection":[{"href":"https:\/\/blogs.elcomercio.es\/reflexiones-de-belarmino\/wp-json\/wp\/v2\/posts"}],"about":[{"href":"https:\/\/blogs.elcomercio.es\/reflexiones-de-belarmino\/wp-json\/wp\/v2\/types\/post"}],"author":[{"embeddable":true,"href":"https:\/\/blogs.elcomercio.es\/reflexiones-de-belarmino\/wp-json\/wp\/v2\/users\/16"}],"replies":[{"embeddable":true,"href":"https:\/\/blogs.elcomercio.es\/reflexiones-de-belarmino\/wp-json\/wp\/v2\/comments?post=25227"}],"version-history":[{"count":2,"href":"https:\/\/blogs.elcomercio.es\/reflexiones-de-belarmino\/wp-json\/wp\/v2\/posts\/25227\/revisions"}],"predecessor-version":[{"id":25229,"href":"https:\/\/blogs.elcomercio.es\/reflexiones-de-belarmino\/wp-json\/wp\/v2\/posts\/25227\/revisions\/25229"}],"wp:attachment":[{"href":"https:\/\/blogs.elcomercio.es\/reflexiones-de-belarmino\/wp-json\/wp\/v2\/media?parent=25227"}],"wp:term":[{"taxonomy":"category","embeddable":true,"href":"https:\/\/blogs.elcomercio.es\/reflexiones-de-belarmino\/wp-json\/wp\/v2\/categories?post=25227"},{"taxonomy":"post_tag","embeddable":true,"href":"https:\/\/blogs.elcomercio.es\/reflexiones-de-belarmino\/wp-json\/wp\/v2\/tags?post=25227"}],"curies":[{"name":"wp","href":"https:\/\/api.w.org\/{rel}","templated":true}]}}