{"id":25230,"date":"2022-09-11T18:07:34","date_gmt":"2022-09-11T16:07:34","guid":{"rendered":"https:\/\/blogs.elcomercio.es\/reflexiones-de-belarmino\/?p=25230"},"modified":"2022-09-11T18:07:34","modified_gmt":"2022-09-11T16:07:34","slug":"kazajistan-la-tierra-donde-domesticaron-hace-6000-a-los-caballos-sera-visitada-por-francisco-el-13-septiembre","status":"publish","type":"post","link":"https:\/\/blogs.elcomercio.es\/reflexiones-de-belarmino\/2022\/09\/11\/kazajistan-la-tierra-donde-domesticaron-hace-6000-a-los-caballos-sera-visitada-por-francisco-el-13-septiembre\/","title":{"rendered":"\u00a1\u00a1\u00a1\u00a1\u00a1KAZAJISTAN , LA TIERRA DONDE DOMESTICARON HACE 6,,000 A LOS CABALLOS, SER\u00c1 VISITADA POR FRANCISCO EL 13 SEPTIEMBRE !!"},"content":{"rendered":"<p><b>El gran pa\u00eds del Asia Central, paso de la Ruta de la Seda, que tiene los 99 elementos de la tabla peri\u00f3dica, m\u00e1ximas reservas de uranio,frontera con 6,846 kms. con Rusia, fue la zona donde se estima\u00a0 que hace 6,000 a\u00f1os se DOMESTIC\u00d3\u00a0 nada menos que al\u00a0 CABALLO: KAZAJISTAN\u00a0 \u00a0<\/b><\/p>\n<p><b>A la tierra de los Kazajos(esp\u00edritu\u00a0libre), llegar\u00e1 el 15 de septiembre el Papa Francisco I, al VII Congreso Mundial de Lideres Religiosos\u00a0Mundiales y Territoriales.<\/b><\/p>\n<p><strong>KAZAJISTAN el gran pa\u00eds del As\u00eda Central, tiene 18 confesiones religiosas l s\u00f3lo 18 millones de habitantes y tiene a dos de los mayores mares internos del mundo, el Mar Caspio y el mar de Aral.<\/strong><\/p>\n<p><strong>Historia pura.<\/strong><\/p>\n<!-- AddThis Advanced Settings generic via filter on the_content --><!-- AddThis Share Buttons generic via filter on the_content -->","protected":false},"excerpt":{"rendered":"<p>El gran pa\u00eds del Asia Central, paso de la Ruta de la Seda, que tiene los 99 elementos de la tabla peri\u00f3dica, m\u00e1ximas reservas de uranio,frontera con 6,846 kms. con Rusia, fue la zona donde se estima\u00a0 que hace 6,000 a\u00f1os se DOMESTIC\u00d3\u00a0 nada menos que al\u00a0 CABALLO: KAZAJISTAN\u00a0 \u00a0 A la tierra de los [&hellip;]<!-- AddThis Advanced Settings generic via filter on get_the_excerpt --><!-- AddThis Share Buttons generic via filter on get_the_excerpt --><\/p>\n","protected":false},"author":16,"featured_media":0,"comment_status":"open","ping_status":"closed","sticky":false,"template":"","format":"standard","meta":[],"categories":[1],"tags":[],"_links":{"self":[{"href":"https:\/\/blogs.elcomercio.es\/reflexiones-de-belarmino\/wp-json\/wp\/v2\/posts\/25230"}],"collection":[{"href":"https:\/\/blogs.elcomercio.es\/reflexiones-de-belarmino\/wp-json\/wp\/v2\/posts"}],"about":[{"href":"https:\/\/blogs.elcomercio.es\/reflexiones-de-belarmino\/wp-json\/wp\/v2\/types\/post"}],"author":[{"embeddable":true,"href":"https:\/\/blogs.elcomercio.es\/reflexiones-de-belarmino\/wp-json\/wp\/v2\/users\/16"}],"replies":[{"embeddable":true,"href":"https:\/\/blogs.elcomercio.es\/reflexiones-de-belarmino\/wp-json\/wp\/v2\/comments?post=25230"}],"version-history":[{"count":1,"href":"https:\/\/blogs.elcomercio.es\/reflexiones-de-belarmino\/wp-json\/wp\/v2\/posts\/25230\/revisions"}],"predecessor-version":[{"id":25231,"href":"https:\/\/blogs.elcomercio.es\/reflexiones-de-belarmino\/wp-json\/wp\/v2\/posts\/25230\/revisions\/25231"}],"wp:attachment":[{"href":"https:\/\/blogs.elcomercio.es\/reflexiones-de-belarmino\/wp-json\/wp\/v2\/media?parent=25230"}],"wp:term":[{"taxonomy":"category","embeddable":true,"href":"https:\/\/blogs.elcomercio.es\/reflexiones-de-belarmino\/wp-json\/wp\/v2\/categories?post=25230"},{"taxonomy":"post_tag","embeddable":true,"href":"https:\/\/blogs.elcomercio.es\/reflexiones-de-belarmino\/wp-json\/wp\/v2\/tags?post=25230"}],"curies":[{"name":"wp","href":"https:\/\/api.w.org\/{rel}","templated":true}]}}