{"id":25232,"date":"2022-09-11T18:23:38","date_gmt":"2022-09-11T16:23:38","guid":{"rendered":"https:\/\/blogs.elcomercio.es\/reflexiones-de-belarmino\/?p=25232"},"modified":"2022-09-11T18:23:39","modified_gmt":"2022-09-11T16:23:39","slug":"los-jets-privados-y-la-escandalosa-contaminacion-global","status":"publish","type":"post","link":"https:\/\/blogs.elcomercio.es\/reflexiones-de-belarmino\/2022\/09\/11\/los-jets-privados-y-la-escandalosa-contaminacion-global\/","title":{"rendered":"\u00a1\u00a1\u00a1\u00a1\u00a1LOS JETS PRIVADOS Y LA ESCANDALOSA CONTAMINACI\u00d3N GLOBAL !!!"},"content":{"rendered":"<p><b>El sistema econ\u00f3mico\u00a0ha llegado a niveles, donde SI USTED NO TIENE UN AVI\u00d3N\u00a0PRIVADO NO ES NADIE EN LA VIDA.<\/b><\/p>\n<p><strong>As\u00ed de simple.<\/strong><\/p>\n<p><b>Mientras se pide a los ciudadanos que reciclemos la basura en la lucha contra el Cambio Clim\u00e1tico, unas decenas de miles, la gran \u00e9lite\u00a0mundial contamina al mundo con sus emisiones de CO2, de una forma escandalosa.<\/b><\/p>\n<p><strong>Hace unos d\u00edas, le preguntaron al entrenador del PSG y Mpape, \u00bf por que iban en avi\u00f3n para un partido a 2 horas en auto o tren de all\u00ed?.<\/strong><\/p>\n<p><strong>Las carcajadas de ambos, nos muestran los dos mundos. Muertos de la risa, no entendiendo por que la pregunta, respondieron: &#8220;Si quieres nos vamos en un barco de vela&#8221;.<\/strong><\/p>\n<p><b>Si en este instante est\u00e1n el aire 10,000 aviones por todo el mundo parece hasta cierto punto normal, pero VIAJAR EN AVI\u00d3N\u00a0PRIVADO para llegar a 150 kil\u00f3metros, es un verg\u00fcenza, asimilada por el sistema de DE QUE CUANDO MAS TIENES MAS VALES, verdadero absurdo a nivel de los m\u00e1s bajos de la sociedad en cuanto a su SER.<\/b><\/p>\n<p>&nbsp;<\/p>\n<!-- AddThis Advanced Settings generic via filter on the_content --><!-- AddThis Share Buttons generic via filter on the_content -->","protected":false},"excerpt":{"rendered":"<p>El sistema econ\u00f3mico\u00a0ha llegado a niveles, donde SI USTED NO TIENE UN AVI\u00d3N\u00a0PRIVADO NO ES NADIE EN LA VIDA. As\u00ed de simple. Mientras se pide a los ciudadanos que reciclemos la basura en la lucha contra el Cambio Clim\u00e1tico, unas decenas de miles, la gran \u00e9lite\u00a0mundial contamina al mundo con sus emisiones de CO2, de [&hellip;]<!-- AddThis Advanced Settings generic via filter on get_the_excerpt --><!-- AddThis Share Buttons generic via filter on get_the_excerpt --><\/p>\n","protected":false},"author":16,"featured_media":0,"comment_status":"open","ping_status":"closed","sticky":false,"template":"","format":"standard","meta":[],"categories":[1],"tags":[],"_links":{"self":[{"href":"https:\/\/blogs.elcomercio.es\/reflexiones-de-belarmino\/wp-json\/wp\/v2\/posts\/25232"}],"collection":[{"href":"https:\/\/blogs.elcomercio.es\/reflexiones-de-belarmino\/wp-json\/wp\/v2\/posts"}],"about":[{"href":"https:\/\/blogs.elcomercio.es\/reflexiones-de-belarmino\/wp-json\/wp\/v2\/types\/post"}],"author":[{"embeddable":true,"href":"https:\/\/blogs.elcomercio.es\/reflexiones-de-belarmino\/wp-json\/wp\/v2\/users\/16"}],"replies":[{"embeddable":true,"href":"https:\/\/blogs.elcomercio.es\/reflexiones-de-belarmino\/wp-json\/wp\/v2\/comments?post=25232"}],"version-history":[{"count":1,"href":"https:\/\/blogs.elcomercio.es\/reflexiones-de-belarmino\/wp-json\/wp\/v2\/posts\/25232\/revisions"}],"predecessor-version":[{"id":25233,"href":"https:\/\/blogs.elcomercio.es\/reflexiones-de-belarmino\/wp-json\/wp\/v2\/posts\/25232\/revisions\/25233"}],"wp:attachment":[{"href":"https:\/\/blogs.elcomercio.es\/reflexiones-de-belarmino\/wp-json\/wp\/v2\/media?parent=25232"}],"wp:term":[{"taxonomy":"category","embeddable":true,"href":"https:\/\/blogs.elcomercio.es\/reflexiones-de-belarmino\/wp-json\/wp\/v2\/categories?post=25232"},{"taxonomy":"post_tag","embeddable":true,"href":"https:\/\/blogs.elcomercio.es\/reflexiones-de-belarmino\/wp-json\/wp\/v2\/tags?post=25232"}],"curies":[{"name":"wp","href":"https:\/\/api.w.org\/{rel}","templated":true}]}}