{"id":25234,"date":"2022-09-11T20:53:53","date_gmt":"2022-09-11T18:53:53","guid":{"rendered":"https:\/\/blogs.elcomercio.es\/reflexiones-de-belarmino\/?p=25234"},"modified":"2022-09-11T20:53:53","modified_gmt":"2022-09-11T18:53:53","slug":"el-verdadero-miedo-de-carlos-iii-perder-65-millones-de-la-commonwelth","status":"publish","type":"post","link":"https:\/\/blogs.elcomercio.es\/reflexiones-de-belarmino\/2022\/09\/11\/el-verdadero-miedo-de-carlos-iii-perder-65-millones-de-la-commonwelth\/","title":{"rendered":"\u00a1\u00a1\u00a1\u00a1EL VERDADERO MIEDO DE CARLOS III.- PERDER 65 MILLONES DE LA COMMONWELTH!!!! !!!"},"content":{"rendered":"<p><b>Se le notaba ayer en su primer discurso, pero\u00a0 hoy empez\u00f3 a aflorar un gran problema, ademas de los quqe ya tiene el Reino Unido y Carlos III.: EL MIEDO A LA DISOLUCI\u00d3N\u00a0DE LA COMMONWELTH..<\/b><\/p>\n<p><b>Con 56 paises, que hab\u00edan sido sus colonias, en la des colonizaci\u00f3n\u00a0tras la II Guerra Mundial, el Reino Unido, los mantuvo como el Reino Unido (bis)., y se han mantenido gracias a la personalidad de Isabel II. \u00bf Sabe usted que Canad\u00e1, Australia y Nueva Zelanda entre 15, tienen como Jefe de Estado ahora a Carlos III?, \u00bf Que 56 paises, incluidos los anteriores, forman parte de la Mancomunidad de Naciones?.<\/b><\/p>\n<p><strong>El total de la poblaci\u00f3n del mundo integrado a este Reino Unido &#8220;Bis&#8221;, es igual a la poblaci\u00f3n del Reino Unido, en total 150 millones de personas, 87 en el Reino Unido.<\/strong><\/p>\n<p><strong>Los 6 de Am\u00e9rica Latina, los m\u00e1s importantes Jamaica, Belize y Granada , ya hab\u00edan propuesto que no fuera su Jefa de Estado Isabel II.<\/strong><\/p>\n<p><strong>\u00bfCuanto m\u00e1s van a aguantar Canad\u00e1, Australia y Nueva Zelanda, en tener su independencia total?. Trudeau, por ejemplo, en Canad\u00e1 es s\u00f3lo el primer ministro por que la Jefa del Estado era Isabel II?.<\/strong><\/p>\n<p><strong>Perder esa Mancomunidad de Naciones, la independencia de Escocia, o Irlanda del Norte, ser\u00eda un desastre para ele Reino Unido, pero mucho m\u00e1s para un hombre poco popular y sin los tama\u00f1os de Isabel II.<\/strong><\/p>\n<p><b>La preocupaci\u00f3n no es s\u00f3lo del Reino Unido, si no de los Estados Unidos y de la Uni\u00f3n Europea. No olvidemos que el Comit\u00e9 de Apoyo a Ucrania, lo integraban los 27 de la Uni\u00f3n\u00a0Europea y los otros de la Commonwelth.<\/b><\/p>\n<p>&nbsp;<\/p>\n<p>&nbsp;<\/p>\n<!-- AddThis Advanced Settings generic via filter on the_content --><!-- AddThis Share Buttons generic via filter on the_content -->","protected":false},"excerpt":{"rendered":"<p>Se le notaba ayer en su primer discurso, pero\u00a0 hoy empez\u00f3 a aflorar un gran problema, ademas de los quqe ya tiene el Reino Unido y Carlos III.: EL MIEDO A LA DISOLUCI\u00d3N\u00a0DE LA COMMONWELTH.. Con 56 paises, que hab\u00edan sido sus colonias, en la des colonizaci\u00f3n\u00a0tras la II Guerra Mundial, el Reino Unido, los [&hellip;]<!-- AddThis Advanced Settings generic via filter on get_the_excerpt --><!-- AddThis Share Buttons generic via filter on get_the_excerpt --><\/p>\n","protected":false},"author":16,"featured_media":0,"comment_status":"open","ping_status":"closed","sticky":false,"template":"","format":"standard","meta":[],"categories":[1],"tags":[],"_links":{"self":[{"href":"https:\/\/blogs.elcomercio.es\/reflexiones-de-belarmino\/wp-json\/wp\/v2\/posts\/25234"}],"collection":[{"href":"https:\/\/blogs.elcomercio.es\/reflexiones-de-belarmino\/wp-json\/wp\/v2\/posts"}],"about":[{"href":"https:\/\/blogs.elcomercio.es\/reflexiones-de-belarmino\/wp-json\/wp\/v2\/types\/post"}],"author":[{"embeddable":true,"href":"https:\/\/blogs.elcomercio.es\/reflexiones-de-belarmino\/wp-json\/wp\/v2\/users\/16"}],"replies":[{"embeddable":true,"href":"https:\/\/blogs.elcomercio.es\/reflexiones-de-belarmino\/wp-json\/wp\/v2\/comments?post=25234"}],"version-history":[{"count":1,"href":"https:\/\/blogs.elcomercio.es\/reflexiones-de-belarmino\/wp-json\/wp\/v2\/posts\/25234\/revisions"}],"predecessor-version":[{"id":25235,"href":"https:\/\/blogs.elcomercio.es\/reflexiones-de-belarmino\/wp-json\/wp\/v2\/posts\/25234\/revisions\/25235"}],"wp:attachment":[{"href":"https:\/\/blogs.elcomercio.es\/reflexiones-de-belarmino\/wp-json\/wp\/v2\/media?parent=25234"}],"wp:term":[{"taxonomy":"category","embeddable":true,"href":"https:\/\/blogs.elcomercio.es\/reflexiones-de-belarmino\/wp-json\/wp\/v2\/categories?post=25234"},{"taxonomy":"post_tag","embeddable":true,"href":"https:\/\/blogs.elcomercio.es\/reflexiones-de-belarmino\/wp-json\/wp\/v2\/tags?post=25234"}],"curies":[{"name":"wp","href":"https:\/\/api.w.org\/{rel}","templated":true}]}}