{"id":25236,"date":"2022-09-11T21:06:33","date_gmt":"2022-09-11T19:06:33","guid":{"rendered":"https:\/\/blogs.elcomercio.es\/reflexiones-de-belarmino\/?p=25236"},"modified":"2022-09-11T21:06:33","modified_gmt":"2022-09-11T19:06:33","slug":"entre-los-festejos-cuatro-huelgas-paradas-y-solo-el-31-de-los-jovenes-aprueban-la-monarquia","status":"publish","type":"post","link":"https:\/\/blogs.elcomercio.es\/reflexiones-de-belarmino\/2022\/09\/11\/entre-los-festejos-cuatro-huelgas-paradas-y-solo-el-31-de-los-jovenes-aprueban-la-monarquia\/","title":{"rendered":"\u00a1\u00a1\u00a1\u00a1\u00a1ENTRE LOS FESTEJOS, CUATRO HUELGAS PARADAS Y  SOLO EL 31 % DE LOS J\u00d3VENES APRUEBAN LA MONARQU\u00cdA !!!"},"content":{"rendered":"<p><b>Pero Carlos III enfrenta otros problemas. El Brexit, la inflaci\u00f3n de 2 d\u00edgitos\u00a0y el riesgo de una recesi\u00f3n que crear\u00eda problemas econ\u00f3micos\u00a0y\u00a0sociales. Hoy, en plenos festejos, hay cuatro huelgas suspendidas por el luto, pero vivas, que continuar\u00e1n con muchas m\u00e1s y los corresponsales que narraban todo lleno de flores, algunos han dicho que las de Balmoral a Edimburgo fueron puestas por el propio Carlos III, y que en Londres hay amplias zonas sin flores,toda vez que se ha dicho hoy que s\u00f3lo el 31 % de los j\u00f3venes apoyan a la monarqu\u00eda, y esa encuesta fue\u00a0tomada con la &#8220;abuelita de todos, Isabel II&#8221;.<\/b><\/p>\n<p><strong>Carlos tanto lo anhel\u00f3, que sabe perfectamente que lo que le hered\u00f3 la madre, puede irse derrumbando paulatinamente y cuando se sepa en el Reino Unido lo de los 28,000 millones de d\u00f3lares que son de los ciudadanos, y las inversiones de la familia Bin Laden y el Jeque de Qatar, y los millones de d\u00f3lares entregados, para su &#8221; fundaci\u00f3n&#8221; a Carlos III, lo que tiene por delante.<\/strong><\/p>\n<p><strong>\u00bfQuisiera estar en su piel, sobre todo cuando empiece a desgastarse y no quede m\u00e1s que la figura de su hijo Guillermo?.<\/strong><\/p>\n<p><strong>Esos son los finales de todos los imperios a lo largo de la historia.<\/strong><\/p>\n<!-- AddThis Advanced Settings generic via filter on the_content --><!-- AddThis Share Buttons generic via filter on the_content -->","protected":false},"excerpt":{"rendered":"<p>Pero Carlos III enfrenta otros problemas. El Brexit, la inflaci\u00f3n de 2 d\u00edgitos\u00a0y el riesgo de una recesi\u00f3n que crear\u00eda problemas econ\u00f3micos\u00a0y\u00a0sociales. Hoy, en plenos festejos, hay cuatro huelgas suspendidas por el luto, pero vivas, que continuar\u00e1n con muchas m\u00e1s y los corresponsales que narraban todo lleno de flores, algunos han dicho que las de [&hellip;]<!-- AddThis Advanced Settings generic via filter on get_the_excerpt --><!-- AddThis Share Buttons generic via filter on get_the_excerpt --><\/p>\n","protected":false},"author":16,"featured_media":0,"comment_status":"open","ping_status":"closed","sticky":false,"template":"","format":"standard","meta":[],"categories":[1],"tags":[],"_links":{"self":[{"href":"https:\/\/blogs.elcomercio.es\/reflexiones-de-belarmino\/wp-json\/wp\/v2\/posts\/25236"}],"collection":[{"href":"https:\/\/blogs.elcomercio.es\/reflexiones-de-belarmino\/wp-json\/wp\/v2\/posts"}],"about":[{"href":"https:\/\/blogs.elcomercio.es\/reflexiones-de-belarmino\/wp-json\/wp\/v2\/types\/post"}],"author":[{"embeddable":true,"href":"https:\/\/blogs.elcomercio.es\/reflexiones-de-belarmino\/wp-json\/wp\/v2\/users\/16"}],"replies":[{"embeddable":true,"href":"https:\/\/blogs.elcomercio.es\/reflexiones-de-belarmino\/wp-json\/wp\/v2\/comments?post=25236"}],"version-history":[{"count":2,"href":"https:\/\/blogs.elcomercio.es\/reflexiones-de-belarmino\/wp-json\/wp\/v2\/posts\/25236\/revisions"}],"predecessor-version":[{"id":25238,"href":"https:\/\/blogs.elcomercio.es\/reflexiones-de-belarmino\/wp-json\/wp\/v2\/posts\/25236\/revisions\/25238"}],"wp:attachment":[{"href":"https:\/\/blogs.elcomercio.es\/reflexiones-de-belarmino\/wp-json\/wp\/v2\/media?parent=25236"}],"wp:term":[{"taxonomy":"category","embeddable":true,"href":"https:\/\/blogs.elcomercio.es\/reflexiones-de-belarmino\/wp-json\/wp\/v2\/categories?post=25236"},{"taxonomy":"post_tag","embeddable":true,"href":"https:\/\/blogs.elcomercio.es\/reflexiones-de-belarmino\/wp-json\/wp\/v2\/tags?post=25236"}],"curies":[{"name":"wp","href":"https:\/\/api.w.org\/{rel}","templated":true}]}}