{"id":25245,"date":"2022-09-12T11:14:56","date_gmt":"2022-09-12T09:14:56","guid":{"rendered":"https:\/\/blogs.elcomercio.es\/reflexiones-de-belarmino\/?p=25245"},"modified":"2022-09-12T11:14:56","modified_gmt":"2022-09-12T09:14:56","slug":"suben-bolsas-euro-petroleo-a-93-45-y-ansiedad-por-inflacion-ee-uumartes-y-reino-unidomiercoles","status":"publish","type":"post","link":"https:\/\/blogs.elcomercio.es\/reflexiones-de-belarmino\/2022\/09\/12\/suben-bolsas-euro-petroleo-a-93-45-y-ansiedad-por-inflacion-ee-uumartes-y-reino-unidomiercoles\/","title":{"rendered":"\u00a1\u00a1\u00a1\u00a1SUBEN BOLSAS, EURO, PETROLEO A 93.45 Y ANSIEDAD POR INFLACI\u00d3N EE.UU(MARTES) Y REINO UNIDO(MI\u00c9RCOLES )!!"},"content":{"rendered":"<p><b>Aunque las bolsas europeas y americanas suben ligeramente(Ibex 35 a 8,127), lo mismo que el euro(1.109 dl), todos est\u00e1n atentos a que se informe de la Inflaci\u00f3n el martes en EE:UU y el mi\u00e9rcoles\u00a0en el Reino Unido.<\/b><\/p>\n<p><b>El freno de China por el covid, hace temer que se tenga menos necesidad de \u00e9l, lo que ser\u00eda beneficioso para Europa por que bajar\u00edas\u00a0de los 93.45 dls de hoy.<\/b><\/p>\n<p><strong>El jueves se podr\u00e1 analizar mejor.<\/strong><\/p>\n<!-- AddThis Advanced Settings generic via filter on the_content --><!-- AddThis Share Buttons generic via filter on the_content -->","protected":false},"excerpt":{"rendered":"<p>Aunque las bolsas europeas y americanas suben ligeramente(Ibex 35 a 8,127), lo mismo que el euro(1.109 dl), todos est\u00e1n atentos a que se informe de la Inflaci\u00f3n el martes en EE:UU y el mi\u00e9rcoles\u00a0en el Reino Unido. El freno de China por el covid, hace temer que se tenga menos necesidad de \u00e9l, lo que [&hellip;]<!-- AddThis Advanced Settings generic via filter on get_the_excerpt --><!-- AddThis Share Buttons generic via filter on get_the_excerpt --><\/p>\n","protected":false},"author":16,"featured_media":0,"comment_status":"open","ping_status":"closed","sticky":false,"template":"","format":"standard","meta":[],"categories":[1],"tags":[],"_links":{"self":[{"href":"https:\/\/blogs.elcomercio.es\/reflexiones-de-belarmino\/wp-json\/wp\/v2\/posts\/25245"}],"collection":[{"href":"https:\/\/blogs.elcomercio.es\/reflexiones-de-belarmino\/wp-json\/wp\/v2\/posts"}],"about":[{"href":"https:\/\/blogs.elcomercio.es\/reflexiones-de-belarmino\/wp-json\/wp\/v2\/types\/post"}],"author":[{"embeddable":true,"href":"https:\/\/blogs.elcomercio.es\/reflexiones-de-belarmino\/wp-json\/wp\/v2\/users\/16"}],"replies":[{"embeddable":true,"href":"https:\/\/blogs.elcomercio.es\/reflexiones-de-belarmino\/wp-json\/wp\/v2\/comments?post=25245"}],"version-history":[{"count":2,"href":"https:\/\/blogs.elcomercio.es\/reflexiones-de-belarmino\/wp-json\/wp\/v2\/posts\/25245\/revisions"}],"predecessor-version":[{"id":25247,"href":"https:\/\/blogs.elcomercio.es\/reflexiones-de-belarmino\/wp-json\/wp\/v2\/posts\/25245\/revisions\/25247"}],"wp:attachment":[{"href":"https:\/\/blogs.elcomercio.es\/reflexiones-de-belarmino\/wp-json\/wp\/v2\/media?parent=25245"}],"wp:term":[{"taxonomy":"category","embeddable":true,"href":"https:\/\/blogs.elcomercio.es\/reflexiones-de-belarmino\/wp-json\/wp\/v2\/categories?post=25245"},{"taxonomy":"post_tag","embeddable":true,"href":"https:\/\/blogs.elcomercio.es\/reflexiones-de-belarmino\/wp-json\/wp\/v2\/tags?post=25245"}],"curies":[{"name":"wp","href":"https:\/\/api.w.org\/{rel}","templated":true}]}}