{"id":25259,"date":"2022-09-12T17:18:00","date_gmt":"2022-09-12T15:18:00","guid":{"rendered":"https:\/\/blogs.elcomercio.es\/reflexiones-de-belarmino\/?p=25259"},"modified":"2022-09-12T17:18:00","modified_gmt":"2022-09-12T15:18:00","slug":"escocia-nada-menos-que-escocia-la-primera-referendum-2023-luego-jamaica-belices-y-granada","status":"publish","type":"post","link":"https:\/\/blogs.elcomercio.es\/reflexiones-de-belarmino\/2022\/09\/12\/escocia-nada-menos-que-escocia-la-primera-referendum-2023-luego-jamaica-belices-y-granada\/","title":{"rendered":"\u00a1\u00a1\u00a1\u00a1\u00a1ESCOCIA, NADA MENOS QUE ESCOCIA, LA PRIMERA. REFER\u00c9NDUM 2023, LUEGO JAMAICA, BELICES Y GRANADA !!!"},"content":{"rendered":"<p><b>Todav\u00eda no se enterrado a Isabel II, cuando est\u00e1n en el horizonte\u00a0varios\u00a0refer\u00e9ndum. El primero de ellos ESCOCIA, nada menos, donde falleci\u00f3\u00a0la reina. All\u00ed est\u00e1 programado un refer\u00e9ndum\u00a0para ver si siguen en el Reino Unido o no, para 2023.Las \u00faltimas elecciones las ganaron los independentistas.<\/b><\/p>\n<p><b>En Am\u00e9rica Latina ya hab\u00edan solicitado\u00a0refer\u00e9ndum\u00a0JAMAICA, BELICE Y GRANADA.<\/b><\/p>\n<p><b>Lo coment\u00e1bamos\u00a0anoche, sin saber lo de Escocia, pero hoy se ha confirmado\u00a0que se mantiene el refer\u00e9ndum\u00a0para el 2023.<\/b><\/p>\n<p><b>Recordamos que el jueves se da la cifra de inflaci\u00f3n\u00a0oficial del Reino Unido.<\/b><\/p>\n<!-- AddThis Advanced Settings generic via filter on the_content --><!-- AddThis Share Buttons generic via filter on the_content -->","protected":false},"excerpt":{"rendered":"<p>Todav\u00eda no se enterrado a Isabel II, cuando est\u00e1n en el horizonte\u00a0varios\u00a0refer\u00e9ndum. El primero de ellos ESCOCIA, nada menos, donde falleci\u00f3\u00a0la reina. All\u00ed est\u00e1 programado un refer\u00e9ndum\u00a0para ver si siguen en el Reino Unido o no, para 2023.Las \u00faltimas elecciones las ganaron los independentistas. En Am\u00e9rica Latina ya hab\u00edan solicitado\u00a0refer\u00e9ndum\u00a0JAMAICA, BELICE Y GRANADA. Lo coment\u00e1bamos\u00a0anoche, [&hellip;]<!-- AddThis Advanced Settings generic via filter on get_the_excerpt --><!-- AddThis Share Buttons generic via filter on get_the_excerpt --><\/p>\n","protected":false},"author":16,"featured_media":0,"comment_status":"open","ping_status":"closed","sticky":false,"template":"","format":"standard","meta":[],"categories":[1],"tags":[],"_links":{"self":[{"href":"https:\/\/blogs.elcomercio.es\/reflexiones-de-belarmino\/wp-json\/wp\/v2\/posts\/25259"}],"collection":[{"href":"https:\/\/blogs.elcomercio.es\/reflexiones-de-belarmino\/wp-json\/wp\/v2\/posts"}],"about":[{"href":"https:\/\/blogs.elcomercio.es\/reflexiones-de-belarmino\/wp-json\/wp\/v2\/types\/post"}],"author":[{"embeddable":true,"href":"https:\/\/blogs.elcomercio.es\/reflexiones-de-belarmino\/wp-json\/wp\/v2\/users\/16"}],"replies":[{"embeddable":true,"href":"https:\/\/blogs.elcomercio.es\/reflexiones-de-belarmino\/wp-json\/wp\/v2\/comments?post=25259"}],"version-history":[{"count":1,"href":"https:\/\/blogs.elcomercio.es\/reflexiones-de-belarmino\/wp-json\/wp\/v2\/posts\/25259\/revisions"}],"predecessor-version":[{"id":25260,"href":"https:\/\/blogs.elcomercio.es\/reflexiones-de-belarmino\/wp-json\/wp\/v2\/posts\/25259\/revisions\/25260"}],"wp:attachment":[{"href":"https:\/\/blogs.elcomercio.es\/reflexiones-de-belarmino\/wp-json\/wp\/v2\/media?parent=25259"}],"wp:term":[{"taxonomy":"category","embeddable":true,"href":"https:\/\/blogs.elcomercio.es\/reflexiones-de-belarmino\/wp-json\/wp\/v2\/categories?post=25259"},{"taxonomy":"post_tag","embeddable":true,"href":"https:\/\/blogs.elcomercio.es\/reflexiones-de-belarmino\/wp-json\/wp\/v2\/tags?post=25259"}],"curies":[{"name":"wp","href":"https:\/\/api.w.org\/{rel}","templated":true}]}}