{"id":25261,"date":"2022-09-12T18:14:33","date_gmt":"2022-09-12T16:14:33","guid":{"rendered":"https:\/\/blogs.elcomercio.es\/reflexiones-de-belarmino\/?p=25261"},"modified":"2022-09-12T18:14:33","modified_gmt":"2022-09-12T16:14:33","slug":"mexicanos-en-ee-uu-40-millones-puertorriquenos-5m-y-cubanos-4m-poblacion-de-canada-38-millones-de-habitantes","status":"publish","type":"post","link":"https:\/\/blogs.elcomercio.es\/reflexiones-de-belarmino\/2022\/09\/12\/mexicanos-en-ee-uu-40-millones-puertorriquenos-5m-y-cubanos-4m-poblacion-de-canada-38-millones-de-habitantes\/","title":{"rendered":"\u00a1\u00a1\u00a1\u00a1\u00a1 MEXICANOS EN EE.UU, 40 MILLONES, PUERTORRIQUE\u00d1OS 5M Y CUBANOS 4M.-POBLACION DE CANADA 38 MILLONES  DE HABITANTES !!"},"content":{"rendered":"<p><b>Hoy a las 13.30 hs M\u00e9xico, el Secretario\u00a0de Estado de Estados Unidos Antony Blinken se reunir\u00e1 en Palacio Nacional con el presidente mexicano, tras la reuni\u00f3n de alto nivel de Secretarios de ambos pa\u00edses(Relaciones Exteriores, Econom\u00eda, Seguridad Nacional entre otros) en la reuni\u00f3n\u00a0peri\u00f3dica\u00a0entre ambos gobiernos.<\/b><\/p>\n<p><b>En su Ma\u00f1anera de hace un momento, tras, como todos los lunes, exhibir a los que venden mas caro o mas barato la gasolina en el pa\u00eds, y de informar de los avances del Tren Maya y el Parque Ecol\u00f3gico\u00a0que se construyen en el Lago de Texcoco, valoraba la importancia\u00a0de las relaciones bilaterales que ha llevado sin conflictos ni con Trump, ni con Biden, pese a los augurios en contra, y de ah\u00ed sali\u00f3 las cifras de este titular.<\/b><\/p>\n<p><b>En los Estados Unidos hay 40 millones de origen mexicano; 5 millones de puertorrique\u00f1os y 4 millones de cubanos\u00a0y explicaba que\u00a0son m\u00e1s que todos los 38 millones de habitantes de Canad\u00e1, como marco de referencia.<\/b><\/p>\n<p><b>Explic\u00f3 que siguen subiendo las remesas de los 11 millones que trabajan all\u00ed a sus familias que llegar\u00e1n\u00a0este a\u00f1o a un estimado de 65,000 millones de d\u00f3lares.<\/b><\/p>\n<p><strong>Invitado al Grito de Independencia del 15 de septiembre, el gran d\u00eda para el pueblo mexicano que se hace en el Z\u00f3calo ante m\u00e1s de 200,000, est\u00e1, ademas de Mujica y Evo Morales, el padre de Juli\u00e1n Assange, a quien M\u00e9xico ha ofrecido repetidamente asilo\u00a0<\/strong><b>pol\u00edtico.<\/b><\/p>\n<p><b>Como el presidente anuncio\u00a0la semana pr\u00f3xima que ese d\u00eda M\u00e9xico fijara\u00a0su posici\u00f3n ante el conflicto\u00a0entre Rusia\u00a0y Ucrania, Antony Blinken, de inmediato anunci\u00f3 su visita a M\u00e9xico hoy.<\/b><\/p>\n<p><strong>En ese marco se da esta semana en M\u00e9xico.<\/strong><\/p>\n<!-- AddThis Advanced Settings generic via filter on the_content --><!-- AddThis Share Buttons generic via filter on the_content -->","protected":false},"excerpt":{"rendered":"<p>Hoy a las 13.30 hs M\u00e9xico, el Secretario\u00a0de Estado de Estados Unidos Antony Blinken se reunir\u00e1 en Palacio Nacional con el presidente mexicano, tras la reuni\u00f3n de alto nivel de Secretarios de ambos pa\u00edses(Relaciones Exteriores, Econom\u00eda, Seguridad Nacional entre otros) en la reuni\u00f3n\u00a0peri\u00f3dica\u00a0entre ambos gobiernos. En su Ma\u00f1anera de hace un momento, tras, como todos [&hellip;]<!-- AddThis Advanced Settings generic via filter on get_the_excerpt --><!-- AddThis Share Buttons generic via filter on get_the_excerpt --><\/p>\n","protected":false},"author":16,"featured_media":0,"comment_status":"open","ping_status":"closed","sticky":false,"template":"","format":"standard","meta":[],"categories":[1],"tags":[],"_links":{"self":[{"href":"https:\/\/blogs.elcomercio.es\/reflexiones-de-belarmino\/wp-json\/wp\/v2\/posts\/25261"}],"collection":[{"href":"https:\/\/blogs.elcomercio.es\/reflexiones-de-belarmino\/wp-json\/wp\/v2\/posts"}],"about":[{"href":"https:\/\/blogs.elcomercio.es\/reflexiones-de-belarmino\/wp-json\/wp\/v2\/types\/post"}],"author":[{"embeddable":true,"href":"https:\/\/blogs.elcomercio.es\/reflexiones-de-belarmino\/wp-json\/wp\/v2\/users\/16"}],"replies":[{"embeddable":true,"href":"https:\/\/blogs.elcomercio.es\/reflexiones-de-belarmino\/wp-json\/wp\/v2\/comments?post=25261"}],"version-history":[{"count":3,"href":"https:\/\/blogs.elcomercio.es\/reflexiones-de-belarmino\/wp-json\/wp\/v2\/posts\/25261\/revisions"}],"predecessor-version":[{"id":25264,"href":"https:\/\/blogs.elcomercio.es\/reflexiones-de-belarmino\/wp-json\/wp\/v2\/posts\/25261\/revisions\/25264"}],"wp:attachment":[{"href":"https:\/\/blogs.elcomercio.es\/reflexiones-de-belarmino\/wp-json\/wp\/v2\/media?parent=25261"}],"wp:term":[{"taxonomy":"category","embeddable":true,"href":"https:\/\/blogs.elcomercio.es\/reflexiones-de-belarmino\/wp-json\/wp\/v2\/categories?post=25261"},{"taxonomy":"post_tag","embeddable":true,"href":"https:\/\/blogs.elcomercio.es\/reflexiones-de-belarmino\/wp-json\/wp\/v2\/tags?post=25261"}],"curies":[{"name":"wp","href":"https:\/\/api.w.org\/{rel}","templated":true}]}}