{"id":25265,"date":"2022-09-12T18:37:33","date_gmt":"2022-09-12T16:37:33","guid":{"rendered":"https:\/\/blogs.elcomercio.es\/reflexiones-de-belarmino\/?p=25265"},"modified":"2022-09-12T18:37:33","modified_gmt":"2022-09-12T16:37:33","slug":"en-mexico-4-de-los-9-proyectos-mas-importantes-de-minerales-del-mundo","status":"publish","type":"post","link":"https:\/\/blogs.elcomercio.es\/reflexiones-de-belarmino\/2022\/09\/12\/en-mexico-4-de-los-9-proyectos-mas-importantes-de-minerales-del-mundo\/","title":{"rendered":"\u00a1\u00a1\u00a1\u00a1EN MEXICO 4 DE LOS 9 PROYECTOS MAS IMPORTANTES   DE MINERALES DEL MUNDO !!! !!!"},"content":{"rendered":"<p>El<b> diario La Jornada de M\u00e9xico, uno de los mas solvente y serios, a 8 columnas, informa hoy: 4 DE LOS 9 PROYECTOS MINEROS DEL MUNDO EST\u00c1N\u00a0EN MEXICO.<\/b><\/p>\n<p><b>En manos\u00a0privadas las empresas de Carlos Slim, German Larrea y Alberto Bailleres, tienen 4 de los 9 proyectos del mundo en extracci\u00f3n\u00a0de minerales.<\/b><\/p>\n<p><strong>Los otros: Dos est\u00e1n en Kazajast\u00e1n, uno en Brasil, otro en Australia y finalmente el otro en Per\u00fa.<\/strong><\/p>\n<p>&nbsp;<\/p>\n<!-- AddThis Advanced Settings generic via filter on the_content --><!-- AddThis Share Buttons generic via filter on the_content -->","protected":false},"excerpt":{"rendered":"<p>El diario La Jornada de M\u00e9xico, uno de los mas solvente y serios, a 8 columnas, informa hoy: 4 DE LOS 9 PROYECTOS MINEROS DEL MUNDO EST\u00c1N\u00a0EN MEXICO. En manos\u00a0privadas las empresas de Carlos Slim, German Larrea y Alberto Bailleres, tienen 4 de los 9 proyectos del mundo en extracci\u00f3n\u00a0de minerales. Los otros: Dos est\u00e1n [&hellip;]<!-- AddThis Advanced Settings generic via filter on get_the_excerpt --><!-- AddThis Share Buttons generic via filter on get_the_excerpt --><\/p>\n","protected":false},"author":16,"featured_media":0,"comment_status":"open","ping_status":"closed","sticky":false,"template":"","format":"standard","meta":[],"categories":[1],"tags":[],"_links":{"self":[{"href":"https:\/\/blogs.elcomercio.es\/reflexiones-de-belarmino\/wp-json\/wp\/v2\/posts\/25265"}],"collection":[{"href":"https:\/\/blogs.elcomercio.es\/reflexiones-de-belarmino\/wp-json\/wp\/v2\/posts"}],"about":[{"href":"https:\/\/blogs.elcomercio.es\/reflexiones-de-belarmino\/wp-json\/wp\/v2\/types\/post"}],"author":[{"embeddable":true,"href":"https:\/\/blogs.elcomercio.es\/reflexiones-de-belarmino\/wp-json\/wp\/v2\/users\/16"}],"replies":[{"embeddable":true,"href":"https:\/\/blogs.elcomercio.es\/reflexiones-de-belarmino\/wp-json\/wp\/v2\/comments?post=25265"}],"version-history":[{"count":4,"href":"https:\/\/blogs.elcomercio.es\/reflexiones-de-belarmino\/wp-json\/wp\/v2\/posts\/25265\/revisions"}],"predecessor-version":[{"id":25269,"href":"https:\/\/blogs.elcomercio.es\/reflexiones-de-belarmino\/wp-json\/wp\/v2\/posts\/25265\/revisions\/25269"}],"wp:attachment":[{"href":"https:\/\/blogs.elcomercio.es\/reflexiones-de-belarmino\/wp-json\/wp\/v2\/media?parent=25265"}],"wp:term":[{"taxonomy":"category","embeddable":true,"href":"https:\/\/blogs.elcomercio.es\/reflexiones-de-belarmino\/wp-json\/wp\/v2\/categories?post=25265"},{"taxonomy":"post_tag","embeddable":true,"href":"https:\/\/blogs.elcomercio.es\/reflexiones-de-belarmino\/wp-json\/wp\/v2\/tags?post=25265"}],"curies":[{"name":"wp","href":"https:\/\/api.w.org\/{rel}","templated":true}]}}