{"id":25270,"date":"2022-09-12T19:13:38","date_gmt":"2022-09-12T17:13:38","guid":{"rendered":"https:\/\/blogs.elcomercio.es\/reflexiones-de-belarmino\/?p=25270"},"modified":"2022-09-12T19:13:38","modified_gmt":"2022-09-12T17:13:38","slug":"por-supuesto-don-juan-carlos-y-dona-sofia-iran-a-los-funerales-los-borbones-los-de-menos-popularidad-en-europa","status":"publish","type":"post","link":"https:\/\/blogs.elcomercio.es\/reflexiones-de-belarmino\/2022\/09\/12\/por-supuesto-don-juan-carlos-y-dona-sofia-iran-a-los-funerales-los-borbones-los-de-menos-popularidad-en-europa\/","title":{"rendered":"\u00a1\u00a1\u00a1\u00a1POR SUPUESTO: DON JUAN CARLOS Y DO\u00d1A SOFIA IR\u00c1N A LOS FUNERALES. LOS BORBONES LOS DE MENOS POPULARIDAD EN EUROPA !!!"},"content":{"rendered":"<p><b>Faltar\u00eda\u00a0m\u00e1s.\u00bf Como no estar?. No s\u00f3lo ir\u00e1 el rey Felipe y la reina Letizia, sino que &#8220;ya informaron que van&#8221; don Juan Carlos y Do\u00f1a Sof\u00eda, el primero, primo tercero de Isabel II. \u00bfSi no es ahora, cuando m\u00e1s?. Los Borbones la de menor popularidad entre las Casas Reales de Europa.<\/b><\/p>\n<!-- AddThis Advanced Settings generic via filter on the_content --><!-- AddThis Share Buttons generic via filter on the_content -->","protected":false},"excerpt":{"rendered":"<p>Faltar\u00eda\u00a0m\u00e1s.\u00bf Como no estar?. No s\u00f3lo ir\u00e1 el rey Felipe y la reina Letizia, sino que &#8220;ya informaron que van&#8221; don Juan Carlos y Do\u00f1a Sof\u00eda, el primero, primo tercero de Isabel II. \u00bfSi no es ahora, cuando m\u00e1s?. Los Borbones la de menor popularidad entre las Casas Reales de Europa.<!-- AddThis Advanced Settings generic via filter on get_the_excerpt --><!-- AddThis Share Buttons generic via filter on get_the_excerpt --><\/p>\n","protected":false},"author":16,"featured_media":0,"comment_status":"open","ping_status":"closed","sticky":false,"template":"","format":"standard","meta":[],"categories":[1],"tags":[],"_links":{"self":[{"href":"https:\/\/blogs.elcomercio.es\/reflexiones-de-belarmino\/wp-json\/wp\/v2\/posts\/25270"}],"collection":[{"href":"https:\/\/blogs.elcomercio.es\/reflexiones-de-belarmino\/wp-json\/wp\/v2\/posts"}],"about":[{"href":"https:\/\/blogs.elcomercio.es\/reflexiones-de-belarmino\/wp-json\/wp\/v2\/types\/post"}],"author":[{"embeddable":true,"href":"https:\/\/blogs.elcomercio.es\/reflexiones-de-belarmino\/wp-json\/wp\/v2\/users\/16"}],"replies":[{"embeddable":true,"href":"https:\/\/blogs.elcomercio.es\/reflexiones-de-belarmino\/wp-json\/wp\/v2\/comments?post=25270"}],"version-history":[{"count":2,"href":"https:\/\/blogs.elcomercio.es\/reflexiones-de-belarmino\/wp-json\/wp\/v2\/posts\/25270\/revisions"}],"predecessor-version":[{"id":25272,"href":"https:\/\/blogs.elcomercio.es\/reflexiones-de-belarmino\/wp-json\/wp\/v2\/posts\/25270\/revisions\/25272"}],"wp:attachment":[{"href":"https:\/\/blogs.elcomercio.es\/reflexiones-de-belarmino\/wp-json\/wp\/v2\/media?parent=25270"}],"wp:term":[{"taxonomy":"category","embeddable":true,"href":"https:\/\/blogs.elcomercio.es\/reflexiones-de-belarmino\/wp-json\/wp\/v2\/categories?post=25270"},{"taxonomy":"post_tag","embeddable":true,"href":"https:\/\/blogs.elcomercio.es\/reflexiones-de-belarmino\/wp-json\/wp\/v2\/tags?post=25270"}],"curies":[{"name":"wp","href":"https:\/\/api.w.org\/{rel}","templated":true}]}}