{"id":25273,"date":"2022-09-12T19:28:31","date_gmt":"2022-09-12T17:28:31","guid":{"rendered":"https:\/\/blogs.elcomercio.es\/reflexiones-de-belarmino\/?p=25273"},"modified":"2022-09-12T19:28:39","modified_gmt":"2022-09-12T17:28:39","slug":"cambio-significativo-del-tiempo-en-las-proximas-horas-lluvias-y-descenso-temperaturas","status":"publish","type":"post","link":"https:\/\/blogs.elcomercio.es\/reflexiones-de-belarmino\/2022\/09\/12\/cambio-significativo-del-tiempo-en-las-proximas-horas-lluvias-y-descenso-temperaturas\/","title":{"rendered":"\u00a1\u00a1\u00a1\u00a1CAMBIO SIGNIFICATIVO DEL TIEMPO EN LAS PR\u00d3XIMAS HORAS. LLUVIAS Y DESCENSO TEMPERATURAS !!!"},"content":{"rendered":"<p><strong>La AEMET avisa de que viene un cambio significativo en el clima de Espa\u00f1a, debido a la llegada de la borrasca Danielle. Habr\u00e1 fuertes lluvias y bajar\u00e1n bastante las temperaturas.<\/strong><\/p>\n<!-- AddThis Advanced Settings generic via filter on the_content --><!-- AddThis Share Buttons generic via filter on the_content -->","protected":false},"excerpt":{"rendered":"<p>La AEMET avisa de que viene un cambio significativo en el clima de Espa\u00f1a, debido a la llegada de la borrasca Danielle. Habr\u00e1 fuertes lluvias y bajar\u00e1n bastante las temperaturas.<!-- AddThis Advanced Settings generic via filter on get_the_excerpt --><!-- AddThis Share Buttons generic via filter on get_the_excerpt --><\/p>\n","protected":false},"author":16,"featured_media":0,"comment_status":"open","ping_status":"closed","sticky":false,"template":"","format":"standard","meta":[],"categories":[1],"tags":[],"_links":{"self":[{"href":"https:\/\/blogs.elcomercio.es\/reflexiones-de-belarmino\/wp-json\/wp\/v2\/posts\/25273"}],"collection":[{"href":"https:\/\/blogs.elcomercio.es\/reflexiones-de-belarmino\/wp-json\/wp\/v2\/posts"}],"about":[{"href":"https:\/\/blogs.elcomercio.es\/reflexiones-de-belarmino\/wp-json\/wp\/v2\/types\/post"}],"author":[{"embeddable":true,"href":"https:\/\/blogs.elcomercio.es\/reflexiones-de-belarmino\/wp-json\/wp\/v2\/users\/16"}],"replies":[{"embeddable":true,"href":"https:\/\/blogs.elcomercio.es\/reflexiones-de-belarmino\/wp-json\/wp\/v2\/comments?post=25273"}],"version-history":[{"count":1,"href":"https:\/\/blogs.elcomercio.es\/reflexiones-de-belarmino\/wp-json\/wp\/v2\/posts\/25273\/revisions"}],"predecessor-version":[{"id":25274,"href":"https:\/\/blogs.elcomercio.es\/reflexiones-de-belarmino\/wp-json\/wp\/v2\/posts\/25273\/revisions\/25274"}],"wp:attachment":[{"href":"https:\/\/blogs.elcomercio.es\/reflexiones-de-belarmino\/wp-json\/wp\/v2\/media?parent=25273"}],"wp:term":[{"taxonomy":"category","embeddable":true,"href":"https:\/\/blogs.elcomercio.es\/reflexiones-de-belarmino\/wp-json\/wp\/v2\/categories?post=25273"},{"taxonomy":"post_tag","embeddable":true,"href":"https:\/\/blogs.elcomercio.es\/reflexiones-de-belarmino\/wp-json\/wp\/v2\/tags?post=25273"}],"curies":[{"name":"wp","href":"https:\/\/api.w.org\/{rel}","templated":true}]}}