{"id":25275,"date":"2022-09-13T09:05:13","date_gmt":"2022-09-13T07:05:13","guid":{"rendered":"https:\/\/blogs.elcomercio.es\/reflexiones-de-belarmino\/?p=25275"},"modified":"2022-09-13T09:05:13","modified_gmt":"2022-09-13T07:05:13","slug":"las-primarias-de-gijon-afianzan-la-democracia-interna-y-son-un-ejemplo","status":"publish","type":"post","link":"https:\/\/blogs.elcomercio.es\/reflexiones-de-belarmino\/2022\/09\/13\/las-primarias-de-gijon-afianzan-la-democracia-interna-y-son-un-ejemplo\/","title":{"rendered":"\u00a1\u00a1\u00a1LAS PRIMARIAS DE GIJON, AFIANZAN LA DEMOCRACIA INTERNA Y SON UN EJEMPLO !!!"},"content":{"rendered":"<p><b>Parece\u00a0incre\u00edble\u00a0que en pleno 2022, en Asturias, en Gij\u00f3n, en el seno de una de las Agrupaciones mas importantes de Asturias del PSOE, haya que publicar \u00e9sto.Unas primarias para elegir entre &#8230;1,200 afiliados un o una candidata\u00a0a la Alcald\u00eda.<\/b><\/p>\n<p><strong>Eso refleja algo m\u00e1s profundo en el seno del socialismo asturiano que pudiera llevar a tener dificultades en las municipales, no s\u00f3lo en Gij\u00f3n sino en toda Asturias.<\/strong><\/p>\n<p><b>\u00bf Saldr\u00e1\u00a0\u00a0 a la luz, en lo pol\u00edtico, lo que hizo durante 20 a\u00f1os el antiguo due\u00f1o del Sporting,\u00a0 y veremos el resultado\u00a0 final de aquel socialismo encabezado por Jos\u00e9 Angel Fern\u00e1ndez Villa ?.<\/b><\/p>\n<!-- AddThis Advanced Settings generic via filter on the_content --><!-- AddThis Share Buttons generic via filter on the_content -->","protected":false},"excerpt":{"rendered":"<p>Parece\u00a0incre\u00edble\u00a0que en pleno 2022, en Asturias, en Gij\u00f3n, en el seno de una de las Agrupaciones mas importantes de Asturias del PSOE, haya que publicar \u00e9sto.Unas primarias para elegir entre &#8230;1,200 afiliados un o una candidata\u00a0a la Alcald\u00eda. Eso refleja algo m\u00e1s profundo en el seno del socialismo asturiano que pudiera llevar a tener dificultades [&hellip;]<!-- AddThis Advanced Settings generic via filter on get_the_excerpt --><!-- AddThis Share Buttons generic via filter on get_the_excerpt --><\/p>\n","protected":false},"author":16,"featured_media":0,"comment_status":"open","ping_status":"closed","sticky":false,"template":"","format":"standard","meta":[],"categories":[1],"tags":[],"_links":{"self":[{"href":"https:\/\/blogs.elcomercio.es\/reflexiones-de-belarmino\/wp-json\/wp\/v2\/posts\/25275"}],"collection":[{"href":"https:\/\/blogs.elcomercio.es\/reflexiones-de-belarmino\/wp-json\/wp\/v2\/posts"}],"about":[{"href":"https:\/\/blogs.elcomercio.es\/reflexiones-de-belarmino\/wp-json\/wp\/v2\/types\/post"}],"author":[{"embeddable":true,"href":"https:\/\/blogs.elcomercio.es\/reflexiones-de-belarmino\/wp-json\/wp\/v2\/users\/16"}],"replies":[{"embeddable":true,"href":"https:\/\/blogs.elcomercio.es\/reflexiones-de-belarmino\/wp-json\/wp\/v2\/comments?post=25275"}],"version-history":[{"count":2,"href":"https:\/\/blogs.elcomercio.es\/reflexiones-de-belarmino\/wp-json\/wp\/v2\/posts\/25275\/revisions"}],"predecessor-version":[{"id":25277,"href":"https:\/\/blogs.elcomercio.es\/reflexiones-de-belarmino\/wp-json\/wp\/v2\/posts\/25275\/revisions\/25277"}],"wp:attachment":[{"href":"https:\/\/blogs.elcomercio.es\/reflexiones-de-belarmino\/wp-json\/wp\/v2\/media?parent=25275"}],"wp:term":[{"taxonomy":"category","embeddable":true,"href":"https:\/\/blogs.elcomercio.es\/reflexiones-de-belarmino\/wp-json\/wp\/v2\/categories?post=25275"},{"taxonomy":"post_tag","embeddable":true,"href":"https:\/\/blogs.elcomercio.es\/reflexiones-de-belarmino\/wp-json\/wp\/v2\/tags?post=25275"}],"curies":[{"name":"wp","href":"https:\/\/api.w.org\/{rel}","templated":true}]}}