{"id":25285,"date":"2022-09-13T09:55:56","date_gmt":"2022-09-13T07:55:56","guid":{"rendered":"https:\/\/blogs.elcomercio.es\/reflexiones-de-belarmino\/?p=25285"},"modified":"2022-09-13T09:55:56","modified_gmt":"2022-09-13T07:55:56","slug":"invita-a-blinken-a-mexico-a-impulsar-juntos-con-canada-la-electro-movilidad","status":"publish","type":"post","link":"https:\/\/blogs.elcomercio.es\/reflexiones-de-belarmino\/2022\/09\/13\/invita-a-blinken-a-mexico-a-impulsar-juntos-con-canada-la-electro-movilidad\/","title":{"rendered":"\u00a1\u00a1\u00a1\u00a1\u00a1INVITA A BLINKEN A MEXICO A IMPULSAR JUNTOS, CON CANAD\u00c1, LA ELECTRO MOVILIDAD!!!"},"content":{"rendered":"<p><b>Contra lo esperado la visita de ayer del Secretario de Estado de los Estados Unidos Antony Blinken, acompa\u00f1ada\u00a0por la Secretaria de Comercio, fue\u00a0para invitar\u00a0a M\u00e9xico a un esfuerzo conjunto\u00a0en favor de la\u00a0<\/b><b>electro movilidad.<\/b><\/p>\n<p><b>El proyecto es para la gran generaci\u00f3n de bater\u00edas, tras de que M\u00e9xico acaba\u00a0de Nacionalizar\u00a0el Litio, la base para esas bater\u00edas\u00a0de la movilidad el\u00e9ctrica.<\/b><\/p>\n<p><strong>El ejemplo del segundo piso en ciudad de M\u00e9xico de 8.1 kms que cruzara del Este la gran ciudad, donde s\u00f3lo circular\u00e1n trolebuses\u00a0<\/strong><b>el\u00e9ctricos para transportar cada d\u00eda a 250,000 habitantes, fue resaltado ayer.<\/b><\/p>\n<p><strong>&#8220;Contra algunos augurios M\u00e9xico ha fortalecido su relaci\u00f3n con los EE:UU&#8221; dijo ayer el canciller Marcelo Ebrard.<\/strong><\/p>\n<p>&nbsp;<\/p>\n<!-- AddThis Advanced Settings generic via filter on the_content --><!-- AddThis Share Buttons generic via filter on the_content -->","protected":false},"excerpt":{"rendered":"<p>Contra lo esperado la visita de ayer del Secretario de Estado de los Estados Unidos Antony Blinken, acompa\u00f1ada\u00a0por la Secretaria de Comercio, fue\u00a0para invitar\u00a0a M\u00e9xico a un esfuerzo conjunto\u00a0en favor de la\u00a0electro movilidad. El proyecto es para la gran generaci\u00f3n de bater\u00edas, tras de que M\u00e9xico acaba\u00a0de Nacionalizar\u00a0el Litio, la base para esas bater\u00edas\u00a0de la [&hellip;]<!-- AddThis Advanced Settings generic via filter on get_the_excerpt --><!-- AddThis Share Buttons generic via filter on get_the_excerpt --><\/p>\n","protected":false},"author":16,"featured_media":0,"comment_status":"open","ping_status":"closed","sticky":false,"template":"","format":"standard","meta":[],"categories":[1],"tags":[],"_links":{"self":[{"href":"https:\/\/blogs.elcomercio.es\/reflexiones-de-belarmino\/wp-json\/wp\/v2\/posts\/25285"}],"collection":[{"href":"https:\/\/blogs.elcomercio.es\/reflexiones-de-belarmino\/wp-json\/wp\/v2\/posts"}],"about":[{"href":"https:\/\/blogs.elcomercio.es\/reflexiones-de-belarmino\/wp-json\/wp\/v2\/types\/post"}],"author":[{"embeddable":true,"href":"https:\/\/blogs.elcomercio.es\/reflexiones-de-belarmino\/wp-json\/wp\/v2\/users\/16"}],"replies":[{"embeddable":true,"href":"https:\/\/blogs.elcomercio.es\/reflexiones-de-belarmino\/wp-json\/wp\/v2\/comments?post=25285"}],"version-history":[{"count":1,"href":"https:\/\/blogs.elcomercio.es\/reflexiones-de-belarmino\/wp-json\/wp\/v2\/posts\/25285\/revisions"}],"predecessor-version":[{"id":25286,"href":"https:\/\/blogs.elcomercio.es\/reflexiones-de-belarmino\/wp-json\/wp\/v2\/posts\/25285\/revisions\/25286"}],"wp:attachment":[{"href":"https:\/\/blogs.elcomercio.es\/reflexiones-de-belarmino\/wp-json\/wp\/v2\/media?parent=25285"}],"wp:term":[{"taxonomy":"category","embeddable":true,"href":"https:\/\/blogs.elcomercio.es\/reflexiones-de-belarmino\/wp-json\/wp\/v2\/categories?post=25285"},{"taxonomy":"post_tag","embeddable":true,"href":"https:\/\/blogs.elcomercio.es\/reflexiones-de-belarmino\/wp-json\/wp\/v2\/tags?post=25285"}],"curies":[{"name":"wp","href":"https:\/\/api.w.org\/{rel}","templated":true}]}}