{"id":25291,"date":"2022-09-13T17:36:05","date_gmt":"2022-09-13T15:36:05","guid":{"rendered":"https:\/\/blogs.elcomercio.es\/reflexiones-de-belarmino\/?p=25291"},"modified":"2022-09-13T17:36:05","modified_gmt":"2022-09-13T15:36:05","slug":"francisco-i-viajaba-a-uzbekistan-para-reunirse-con-el-patriarca-de-moscu-que-decidio-no-asistir-el-avion-de-alitalia-no-pudo-pasar-espacio-aereo-ruso","status":"publish","type":"post","link":"https:\/\/blogs.elcomercio.es\/reflexiones-de-belarmino\/2022\/09\/13\/francisco-i-viajaba-a-uzbekistan-para-reunirse-con-el-patriarca-de-moscu-que-decidio-no-asistir-el-avion-de-alitalia-no-pudo-pasar-espacio-aereo-ruso\/","title":{"rendered":"\u00a1\u00a1\u00a1\u00a1FRANCISCO I VIAJABA A UZBEKISTAN PARA REUNIRSE CON EL PATRIARCA DE MOSCU, QUE DECIDI\u00d3 NO ASISTIR. EL AVI\u00d3N DE ALITALIA NO PUDO PASAR ESPACIO A\u00c9REO RUSO !!!"},"content":{"rendered":"<p><b>No nos damos cuenta en Occidente de como se esta radicalizando la sociedad rusa, ante lo que consideran un enfrentamiento de Occidente contra ellos. Si fue\u00a0un error el cercarlos en sus fronteras, ahora las campa\u00f1as son respondidas all\u00ed y radicalizadas a niveles no imaginables.<\/b><\/p>\n<p><b>Dos ejemplos. Ayer 85 concejales de mas de 10,000 que votaron por Putin, pidieron la renuncia publica de Este y condenarlo por sus &#8220;cr\u00edmenes\u00a0de guerra&#8221; son las primeras planas de nuestros medios.. Pero, \u00bf como reacciona el resto del pa\u00eds, sometido,como en Occidente a una campa\u00f1a\u00a0de desinformaci\u00f3n?.<\/b><\/p>\n<p><strong>Estamos provocando el Oso Ruso, peligrosamente.<\/strong><\/p>\n<p><b>El viaje a Uzbekist\u00e1n hab\u00eda sido programado, por debajo, para un posible\u00a0 encuentro de Francisco I, con Cirilo\u00a0 el Patriarca de Mosc\u00fa. Pues , hoy finalmente decidi\u00f3 no asistir, sino que el propio avi\u00f3n de Alitalia donde viaja el Papa tuvo que desviarse para no entrar en el espacio a\u00e9reo\u00a0ruso.<\/b><\/p>\n<!-- AddThis Advanced Settings generic via filter on the_content --><!-- AddThis Share Buttons generic via filter on the_content -->","protected":false},"excerpt":{"rendered":"<p>No nos damos cuenta en Occidente de como se esta radicalizando la sociedad rusa, ante lo que consideran un enfrentamiento de Occidente contra ellos. Si fue\u00a0un error el cercarlos en sus fronteras, ahora las campa\u00f1as son respondidas all\u00ed y radicalizadas a niveles no imaginables. Dos ejemplos. Ayer 85 concejales de mas de 10,000 que votaron [&hellip;]<!-- AddThis Advanced Settings generic via filter on get_the_excerpt --><!-- AddThis Share Buttons generic via filter on get_the_excerpt --><\/p>\n","protected":false},"author":16,"featured_media":0,"comment_status":"open","ping_status":"closed","sticky":false,"template":"","format":"standard","meta":[],"categories":[1],"tags":[],"_links":{"self":[{"href":"https:\/\/blogs.elcomercio.es\/reflexiones-de-belarmino\/wp-json\/wp\/v2\/posts\/25291"}],"collection":[{"href":"https:\/\/blogs.elcomercio.es\/reflexiones-de-belarmino\/wp-json\/wp\/v2\/posts"}],"about":[{"href":"https:\/\/blogs.elcomercio.es\/reflexiones-de-belarmino\/wp-json\/wp\/v2\/types\/post"}],"author":[{"embeddable":true,"href":"https:\/\/blogs.elcomercio.es\/reflexiones-de-belarmino\/wp-json\/wp\/v2\/users\/16"}],"replies":[{"embeddable":true,"href":"https:\/\/blogs.elcomercio.es\/reflexiones-de-belarmino\/wp-json\/wp\/v2\/comments?post=25291"}],"version-history":[{"count":1,"href":"https:\/\/blogs.elcomercio.es\/reflexiones-de-belarmino\/wp-json\/wp\/v2\/posts\/25291\/revisions"}],"predecessor-version":[{"id":25292,"href":"https:\/\/blogs.elcomercio.es\/reflexiones-de-belarmino\/wp-json\/wp\/v2\/posts\/25291\/revisions\/25292"}],"wp:attachment":[{"href":"https:\/\/blogs.elcomercio.es\/reflexiones-de-belarmino\/wp-json\/wp\/v2\/media?parent=25291"}],"wp:term":[{"taxonomy":"category","embeddable":true,"href":"https:\/\/blogs.elcomercio.es\/reflexiones-de-belarmino\/wp-json\/wp\/v2\/categories?post=25291"},{"taxonomy":"post_tag","embeddable":true,"href":"https:\/\/blogs.elcomercio.es\/reflexiones-de-belarmino\/wp-json\/wp\/v2\/tags?post=25291"}],"curies":[{"name":"wp","href":"https:\/\/api.w.org\/{rel}","templated":true}]}}