{"id":25293,"date":"2022-09-13T17:52:26","date_gmt":"2022-09-13T15:52:26","guid":{"rendered":"https:\/\/blogs.elcomercio.es\/reflexiones-de-belarmino\/?p=25293"},"modified":"2022-09-13T17:52:26","modified_gmt":"2022-09-13T15:52:26","slug":"la-subida-de-la-inflacion-en-ee-uu-a-8-3-tine-de-rojo-los-mercados","status":"publish","type":"post","link":"https:\/\/blogs.elcomercio.es\/reflexiones-de-belarmino\/2022\/09\/13\/la-subida-de-la-inflacion-en-ee-uu-a-8-3-tine-de-rojo-los-mercados\/","title":{"rendered":"\u00a1\u00a1\u00a1\u00a1\u00a1LA SUBIDA DE LA INFLACI\u00d3N EN EE.UU. A 8.3 % TI\u00d1E DE ROJO LOS MERCADOS !!!"},"content":{"rendered":"<p><b>Dos indices de inflaci\u00f3n se esperaban esta semana, para definir\u00a0lo que har\u00e1 la Reserva Federal.Hoy se dio\u00a0el de EE:UU, superior al que esperaban en 8.3 %. Ello hizo que todas las bolsas se ti\u00f1eran de rojo. El Nasdaq se dej\u00f3 1.5 %, el Dow JOnes el 1.65 %, y lo mismo en Europa y ma\u00f1ana en Asia.<\/b><\/p>\n<p><b>El petroleo\u00a0subi\u00f3 y esta cerca de los 100 dls, y el Ibex apenas supera\u00a0los 8.000.<\/b><\/p>\n<p>&nbsp;<\/p>\n<!-- AddThis Advanced Settings generic via filter on the_content --><!-- AddThis Share Buttons generic via filter on the_content -->","protected":false},"excerpt":{"rendered":"<p>Dos indices de inflaci\u00f3n se esperaban esta semana, para definir\u00a0lo que har\u00e1 la Reserva Federal.Hoy se dio\u00a0el de EE:UU, superior al que esperaban en 8.3 %. Ello hizo que todas las bolsas se ti\u00f1eran de rojo. El Nasdaq se dej\u00f3 1.5 %, el Dow JOnes el 1.65 %, y lo mismo en Europa y ma\u00f1ana [&hellip;]<!-- AddThis Advanced Settings generic via filter on get_the_excerpt --><!-- AddThis Share Buttons generic via filter on get_the_excerpt --><\/p>\n","protected":false},"author":16,"featured_media":0,"comment_status":"open","ping_status":"closed","sticky":false,"template":"","format":"standard","meta":[],"categories":[1],"tags":[],"_links":{"self":[{"href":"https:\/\/blogs.elcomercio.es\/reflexiones-de-belarmino\/wp-json\/wp\/v2\/posts\/25293"}],"collection":[{"href":"https:\/\/blogs.elcomercio.es\/reflexiones-de-belarmino\/wp-json\/wp\/v2\/posts"}],"about":[{"href":"https:\/\/blogs.elcomercio.es\/reflexiones-de-belarmino\/wp-json\/wp\/v2\/types\/post"}],"author":[{"embeddable":true,"href":"https:\/\/blogs.elcomercio.es\/reflexiones-de-belarmino\/wp-json\/wp\/v2\/users\/16"}],"replies":[{"embeddable":true,"href":"https:\/\/blogs.elcomercio.es\/reflexiones-de-belarmino\/wp-json\/wp\/v2\/comments?post=25293"}],"version-history":[{"count":1,"href":"https:\/\/blogs.elcomercio.es\/reflexiones-de-belarmino\/wp-json\/wp\/v2\/posts\/25293\/revisions"}],"predecessor-version":[{"id":25294,"href":"https:\/\/blogs.elcomercio.es\/reflexiones-de-belarmino\/wp-json\/wp\/v2\/posts\/25293\/revisions\/25294"}],"wp:attachment":[{"href":"https:\/\/blogs.elcomercio.es\/reflexiones-de-belarmino\/wp-json\/wp\/v2\/media?parent=25293"}],"wp:term":[{"taxonomy":"category","embeddable":true,"href":"https:\/\/blogs.elcomercio.es\/reflexiones-de-belarmino\/wp-json\/wp\/v2\/categories?post=25293"},{"taxonomy":"post_tag","embeddable":true,"href":"https:\/\/blogs.elcomercio.es\/reflexiones-de-belarmino\/wp-json\/wp\/v2\/tags?post=25293"}],"curies":[{"name":"wp","href":"https:\/\/api.w.org\/{rel}","templated":true}]}}