{"id":25295,"date":"2022-09-13T17:57:53","date_gmt":"2022-09-13T15:57:53","guid":{"rendered":"https:\/\/blogs.elcomercio.es\/reflexiones-de-belarmino\/?p=25295"},"modified":"2022-09-13T17:57:53","modified_gmt":"2022-09-13T15:57:53","slug":"la-inflacion-en-espana-llego-en-espana-a-10-5-en-pleno-enfrentamiento-y-sin-resolver-el-poder-judicial","status":"publish","type":"post","link":"https:\/\/blogs.elcomercio.es\/reflexiones-de-belarmino\/2022\/09\/13\/la-inflacion-en-espana-llego-en-espana-a-10-5-en-pleno-enfrentamiento-y-sin-resolver-el-poder-judicial\/","title":{"rendered":"\u00a1\u00a1\u00a1\u00a1LA INFLACION EN ESPA\u00d1A LLEG\u00d3 EN ESPA\u00d1A A 10.5 % EN PLENO ENFRENTAMIENTO Y SIN RESOLVER EL PODER JUDICIAL. !!!"},"content":{"rendered":"<p><strong>Con un enfrentamiento con el Partido Popular, sin cambio alguno en el Constitucional, con una de las tres patas del sistema, el Judicial .trabajando ilegalmente, Espa\u00f1a recibi\u00f3 la noticia de que su inflaci\u00f3n es del 10.5 %.<\/strong><\/p>\n<p>&nbsp;<\/p>\n<!-- AddThis Advanced Settings generic via filter on the_content --><!-- AddThis Share Buttons generic via filter on the_content -->","protected":false},"excerpt":{"rendered":"<p>Con un enfrentamiento con el Partido Popular, sin cambio alguno en el Constitucional, con una de las tres patas del sistema, el Judicial .trabajando ilegalmente, Espa\u00f1a recibi\u00f3 la noticia de que su inflaci\u00f3n es del 10.5 %. &nbsp;<!-- AddThis Advanced Settings generic via filter on get_the_excerpt --><!-- AddThis Share Buttons generic via filter on get_the_excerpt --><\/p>\n","protected":false},"author":16,"featured_media":0,"comment_status":"open","ping_status":"closed","sticky":false,"template":"","format":"standard","meta":[],"categories":[1],"tags":[],"_links":{"self":[{"href":"https:\/\/blogs.elcomercio.es\/reflexiones-de-belarmino\/wp-json\/wp\/v2\/posts\/25295"}],"collection":[{"href":"https:\/\/blogs.elcomercio.es\/reflexiones-de-belarmino\/wp-json\/wp\/v2\/posts"}],"about":[{"href":"https:\/\/blogs.elcomercio.es\/reflexiones-de-belarmino\/wp-json\/wp\/v2\/types\/post"}],"author":[{"embeddable":true,"href":"https:\/\/blogs.elcomercio.es\/reflexiones-de-belarmino\/wp-json\/wp\/v2\/users\/16"}],"replies":[{"embeddable":true,"href":"https:\/\/blogs.elcomercio.es\/reflexiones-de-belarmino\/wp-json\/wp\/v2\/comments?post=25295"}],"version-history":[{"count":1,"href":"https:\/\/blogs.elcomercio.es\/reflexiones-de-belarmino\/wp-json\/wp\/v2\/posts\/25295\/revisions"}],"predecessor-version":[{"id":25296,"href":"https:\/\/blogs.elcomercio.es\/reflexiones-de-belarmino\/wp-json\/wp\/v2\/posts\/25295\/revisions\/25296"}],"wp:attachment":[{"href":"https:\/\/blogs.elcomercio.es\/reflexiones-de-belarmino\/wp-json\/wp\/v2\/media?parent=25295"}],"wp:term":[{"taxonomy":"category","embeddable":true,"href":"https:\/\/blogs.elcomercio.es\/reflexiones-de-belarmino\/wp-json\/wp\/v2\/categories?post=25295"},{"taxonomy":"post_tag","embeddable":true,"href":"https:\/\/blogs.elcomercio.es\/reflexiones-de-belarmino\/wp-json\/wp\/v2\/tags?post=25295"}],"curies":[{"name":"wp","href":"https:\/\/api.w.org\/{rel}","templated":true}]}}