{"id":25297,"date":"2022-09-13T18:00:30","date_gmt":"2022-09-13T16:00:30","guid":{"rendered":"https:\/\/blogs.elcomercio.es\/reflexiones-de-belarmino\/?p=25297"},"modified":"2022-09-13T18:05:25","modified_gmt":"2022-09-13T16:05:25","slug":"fiel-a-los-intereses-que-representa-el-pp-vota-en-contra-del-impuesto-a-las-electricas-sy-a-la-banca-sale-adelante-por-la-mayoria-de-la-investidura","status":"publish","type":"post","link":"https:\/\/blogs.elcomercio.es\/reflexiones-de-belarmino\/2022\/09\/13\/fiel-a-los-intereses-que-representa-el-pp-vota-en-contra-del-impuesto-a-las-electricas-sy-a-la-banca-sale-adelante-por-la-mayoria-de-la-investidura\/","title":{"rendered":"\u00a1\u00a1\u00a1\u00a1FIEL A LOS INTERESES QUE REPRESENTA EL PP VOTA EN CONTRA AL IMPUESTO A LAS ELECTRICAS Y A LA BANCA . SALE ADELANTE POR LA MAYOR\u00cdA DE LA INVESTIDURA !!!"},"content":{"rendered":"<p><b>Esta tarde, en la votaci\u00f3n general, el proyecto de subir los impuestos a la Banca y a las El\u00e9ctricas, sali\u00f3 adelante gracias al Gobierno de Coalici\u00f3n y su mayor\u00eda de investidura.El Partido Popular, de nuevo, sin haber resuelto el problema del poder Judicial, hoy vot\u00f3\u00a0en contra de subirle los impuestos, en plena crisis en los hogares a sus amos: la Banca y las El\u00e9ctricas.<\/b><\/p>\n<!-- AddThis Advanced Settings generic via filter on the_content --><!-- AddThis Share Buttons generic via filter on the_content -->","protected":false},"excerpt":{"rendered":"<p>Esta tarde, en la votaci\u00f3n general, el proyecto de subir los impuestos a la Banca y a las El\u00e9ctricas, sali\u00f3 adelante gracias al Gobierno de Coalici\u00f3n y su mayor\u00eda de investidura.El Partido Popular, de nuevo, sin haber resuelto el problema del poder Judicial, hoy vot\u00f3\u00a0en contra de subirle los impuestos, en plena crisis en los [&hellip;]<!-- AddThis Advanced Settings generic via filter on get_the_excerpt --><!-- AddThis Share Buttons generic via filter on get_the_excerpt --><\/p>\n","protected":false},"author":16,"featured_media":0,"comment_status":"open","ping_status":"closed","sticky":false,"template":"","format":"standard","meta":[],"categories":[1],"tags":[],"_links":{"self":[{"href":"https:\/\/blogs.elcomercio.es\/reflexiones-de-belarmino\/wp-json\/wp\/v2\/posts\/25297"}],"collection":[{"href":"https:\/\/blogs.elcomercio.es\/reflexiones-de-belarmino\/wp-json\/wp\/v2\/posts"}],"about":[{"href":"https:\/\/blogs.elcomercio.es\/reflexiones-de-belarmino\/wp-json\/wp\/v2\/types\/post"}],"author":[{"embeddable":true,"href":"https:\/\/blogs.elcomercio.es\/reflexiones-de-belarmino\/wp-json\/wp\/v2\/users\/16"}],"replies":[{"embeddable":true,"href":"https:\/\/blogs.elcomercio.es\/reflexiones-de-belarmino\/wp-json\/wp\/v2\/comments?post=25297"}],"version-history":[{"count":3,"href":"https:\/\/blogs.elcomercio.es\/reflexiones-de-belarmino\/wp-json\/wp\/v2\/posts\/25297\/revisions"}],"predecessor-version":[{"id":25300,"href":"https:\/\/blogs.elcomercio.es\/reflexiones-de-belarmino\/wp-json\/wp\/v2\/posts\/25297\/revisions\/25300"}],"wp:attachment":[{"href":"https:\/\/blogs.elcomercio.es\/reflexiones-de-belarmino\/wp-json\/wp\/v2\/media?parent=25297"}],"wp:term":[{"taxonomy":"category","embeddable":true,"href":"https:\/\/blogs.elcomercio.es\/reflexiones-de-belarmino\/wp-json\/wp\/v2\/categories?post=25297"},{"taxonomy":"post_tag","embeddable":true,"href":"https:\/\/blogs.elcomercio.es\/reflexiones-de-belarmino\/wp-json\/wp\/v2\/tags?post=25297"}],"curies":[{"name":"wp","href":"https:\/\/api.w.org\/{rel}","templated":true}]}}