{"id":25302,"date":"2022-09-13T18:18:36","date_gmt":"2022-09-13T16:18:36","guid":{"rendered":"https:\/\/blogs.elcomercio.es\/reflexiones-de-belarmino\/?p=25302"},"modified":"2022-09-13T18:18:36","modified_gmt":"2022-09-13T16:18:36","slug":"dios-patria-y-familia-el-lema-de-georgia-meloni-de-la-ultra-derecha-proxima-primera-ministra-de-italia","status":"publish","type":"post","link":"https:\/\/blogs.elcomercio.es\/reflexiones-de-belarmino\/2022\/09\/13\/dios-patria-y-familia-el-lema-de-georgia-meloni-de-la-ultra-derecha-proxima-primera-ministra-de-italia\/","title":{"rendered":"\u00a1\u00a1\u00a1&#8221;DIOS, PATRIA Y FAMILIA&#8221;, EL LEMA DE GEORGIA  MELONI, DE LA ULTRA DERECHA PR\u00d3XIMA PRIMERA MINISTRA DE ITALIA!!!"},"content":{"rendered":"<p><b>Hoy habl\u00e1bamos\u00a0de la euforia en Suecia por ser ya la segunda fuerza el partido ultra derechista Dem\u00f3cratas de Suecia, pero nada que ver con do\u00f1a Georgia Meloni, la lider de la ultraderecha italiana que ser\u00e1 la sustituta, seg\u00fan todas las encuestas de Mario Draghi.<\/b><\/p>\n<p><strong>Georgia Meloni, cuenta con el aval de Matteo Salvini, Berlusconni y el benepl\u00e1cito del presidente de los Populares en Europa el se\u00f1or Weber.<\/strong><\/p>\n<p><strong>Italia, la cuarta econom\u00eda de Europa(s\u00f3lo tras Alemania, Francia y el Reino Unido) a punto de llegar al gobierno con su consigna, como hace casi un siglo: &#8221; Dios, patria y Familia &#8220;.<\/strong><\/p>\n<!-- AddThis Advanced Settings generic via filter on the_content --><!-- AddThis Share Buttons generic via filter on the_content -->","protected":false},"excerpt":{"rendered":"<p>Hoy habl\u00e1bamos\u00a0de la euforia en Suecia por ser ya la segunda fuerza el partido ultra derechista Dem\u00f3cratas de Suecia, pero nada que ver con do\u00f1a Georgia Meloni, la lider de la ultraderecha italiana que ser\u00e1 la sustituta, seg\u00fan todas las encuestas de Mario Draghi. Georgia Meloni, cuenta con el aval de Matteo Salvini, Berlusconni y [&hellip;]<!-- AddThis Advanced Settings generic via filter on get_the_excerpt --><!-- AddThis Share Buttons generic via filter on get_the_excerpt --><\/p>\n","protected":false},"author":16,"featured_media":0,"comment_status":"open","ping_status":"closed","sticky":false,"template":"","format":"standard","meta":[],"categories":[1],"tags":[],"_links":{"self":[{"href":"https:\/\/blogs.elcomercio.es\/reflexiones-de-belarmino\/wp-json\/wp\/v2\/posts\/25302"}],"collection":[{"href":"https:\/\/blogs.elcomercio.es\/reflexiones-de-belarmino\/wp-json\/wp\/v2\/posts"}],"about":[{"href":"https:\/\/blogs.elcomercio.es\/reflexiones-de-belarmino\/wp-json\/wp\/v2\/types\/post"}],"author":[{"embeddable":true,"href":"https:\/\/blogs.elcomercio.es\/reflexiones-de-belarmino\/wp-json\/wp\/v2\/users\/16"}],"replies":[{"embeddable":true,"href":"https:\/\/blogs.elcomercio.es\/reflexiones-de-belarmino\/wp-json\/wp\/v2\/comments?post=25302"}],"version-history":[{"count":2,"href":"https:\/\/blogs.elcomercio.es\/reflexiones-de-belarmino\/wp-json\/wp\/v2\/posts\/25302\/revisions"}],"predecessor-version":[{"id":25304,"href":"https:\/\/blogs.elcomercio.es\/reflexiones-de-belarmino\/wp-json\/wp\/v2\/posts\/25302\/revisions\/25304"}],"wp:attachment":[{"href":"https:\/\/blogs.elcomercio.es\/reflexiones-de-belarmino\/wp-json\/wp\/v2\/media?parent=25302"}],"wp:term":[{"taxonomy":"category","embeddable":true,"href":"https:\/\/blogs.elcomercio.es\/reflexiones-de-belarmino\/wp-json\/wp\/v2\/categories?post=25302"},{"taxonomy":"post_tag","embeddable":true,"href":"https:\/\/blogs.elcomercio.es\/reflexiones-de-belarmino\/wp-json\/wp\/v2\/tags?post=25302"}],"curies":[{"name":"wp","href":"https:\/\/api.w.org\/{rel}","templated":true}]}}