{"id":25307,"date":"2022-09-13T20:29:08","date_gmt":"2022-09-13T18:29:08","guid":{"rendered":"https:\/\/blogs.elcomercio.es\/reflexiones-de-belarmino\/?p=25307"},"modified":"2022-09-13T20:29:08","modified_gmt":"2022-09-13T18:29:08","slug":"fuertes-inversiones-de-empresas-norteamericanas-en-sonora-para-paneles-solares","status":"publish","type":"post","link":"https:\/\/blogs.elcomercio.es\/reflexiones-de-belarmino\/2022\/09\/13\/fuertes-inversiones-de-empresas-norteamericanas-en-sonora-para-paneles-solares\/","title":{"rendered":"\u00a1\u00a1\u00a1\u00a1\u00a1\u00a1 FUERTES INVERSIONES DE EMPRESAS NORTEAMERICANAS EN SONORA PARA PANELES SOLARES !!!"},"content":{"rendered":"<p><b>En la Ma\u00f1anera que termin\u00f3 hace un par de horas, el presidente L\u00f3pez Obrador inform\u00f3 que recibi\u00f3\u00a0a trav\u00e9s del Secretario de Estado una carta del presidente Biden respetuoso de la soberan\u00eda\u00a0mexicana en el litigio del macro proyecto petrolero del golfo.(900 millones de barriles).<\/b><\/p>\n<p><strong>Reafirm\u00f3 el tono de respeto mutuo entre ambos paises donde ambos son beneficiarios de lo que sucede a ambos partes de los 3,250 kms de frontera.<\/strong><\/p>\n<p><b>M\u00e9xico tiene grandes zonas de paneles solares en el Estado Fronterizo de Sonora, y vendr\u00e1n fuertes inversiones\u00a0norteamericanas para\u00a0 fortalecer\u00a0el proyecto de la energ\u00eda solar, que permitir\u00eda que no haya carencia de energ\u00eda electrica en Arizona o en California.<\/b><\/p>\n<p><strong>En el pasado ante fallos de electricidad en California, ha sido la Comisi\u00f3n Federal de Electricidad la que ha surtido a aquel estado del pa\u00eds vecino<\/strong><\/p>\n<p><b>En la conversaci\u00f3n\u00a0entre ambos en Palacio Nacional estuvo tambi\u00e9n la Secretaria de Comercio de los EE:UU, para empezar un proyecto entre EE:UU y M\u00e9xico para la fabricaci\u00f3n de bater\u00edas\u00a0para los autos el\u00e9ctricos, dada la importancia del nivel del Litio en M\u00e9xico, donde, como se sabe, ha nacionalizado L\u00f3pez Obrador.<\/b><\/p>\n<p><b>Recordamos\u00a0la conversaci\u00f3n\u00a0en una recepci\u00f3n en M\u00e9xico, donde un ministro japon\u00e9s nos comentaba:<\/b><\/p>\n<p><b> &#8221; SI NOSOTROS ESTUVI\u00c9RAMOS\u00a0TAN SOLO 50 KIL\u00d3METROS\u00a0DE FRONTERA CON EE.UU SERIAMOS\u00a0UNA PODEROSA NACI\u00d3N.&#8221;<\/b><\/p>\n<p><b>Mucho ha colaborado el liderazgo\u00a0y la decencia que observan en el presidente de M\u00e9xico para mantener\u00a0las buenas relaciones ya con Trump, ya con Biden<\/b><\/p>\n<p>&nbsp;<\/p>\n<p>&nbsp;<\/p>\n<p>&nbsp;<\/p>\n<!-- AddThis Advanced Settings generic via filter on the_content --><!-- AddThis Share Buttons generic via filter on the_content -->","protected":false},"excerpt":{"rendered":"<p>En la Ma\u00f1anera que termin\u00f3 hace un par de horas, el presidente L\u00f3pez Obrador inform\u00f3 que recibi\u00f3\u00a0a trav\u00e9s del Secretario de Estado una carta del presidente Biden respetuoso de la soberan\u00eda\u00a0mexicana en el litigio del macro proyecto petrolero del golfo.(900 millones de barriles). Reafirm\u00f3 el tono de respeto mutuo entre ambos paises donde ambos son [&hellip;]<!-- AddThis Advanced Settings generic via filter on get_the_excerpt --><!-- AddThis Share Buttons generic via filter on get_the_excerpt --><\/p>\n","protected":false},"author":16,"featured_media":0,"comment_status":"open","ping_status":"closed","sticky":false,"template":"","format":"standard","meta":[],"categories":[1],"tags":[],"_links":{"self":[{"href":"https:\/\/blogs.elcomercio.es\/reflexiones-de-belarmino\/wp-json\/wp\/v2\/posts\/25307"}],"collection":[{"href":"https:\/\/blogs.elcomercio.es\/reflexiones-de-belarmino\/wp-json\/wp\/v2\/posts"}],"about":[{"href":"https:\/\/blogs.elcomercio.es\/reflexiones-de-belarmino\/wp-json\/wp\/v2\/types\/post"}],"author":[{"embeddable":true,"href":"https:\/\/blogs.elcomercio.es\/reflexiones-de-belarmino\/wp-json\/wp\/v2\/users\/16"}],"replies":[{"embeddable":true,"href":"https:\/\/blogs.elcomercio.es\/reflexiones-de-belarmino\/wp-json\/wp\/v2\/comments?post=25307"}],"version-history":[{"count":2,"href":"https:\/\/blogs.elcomercio.es\/reflexiones-de-belarmino\/wp-json\/wp\/v2\/posts\/25307\/revisions"}],"predecessor-version":[{"id":25309,"href":"https:\/\/blogs.elcomercio.es\/reflexiones-de-belarmino\/wp-json\/wp\/v2\/posts\/25307\/revisions\/25309"}],"wp:attachment":[{"href":"https:\/\/blogs.elcomercio.es\/reflexiones-de-belarmino\/wp-json\/wp\/v2\/media?parent=25307"}],"wp:term":[{"taxonomy":"category","embeddable":true,"href":"https:\/\/blogs.elcomercio.es\/reflexiones-de-belarmino\/wp-json\/wp\/v2\/categories?post=25307"},{"taxonomy":"post_tag","embeddable":true,"href":"https:\/\/blogs.elcomercio.es\/reflexiones-de-belarmino\/wp-json\/wp\/v2\/tags?post=25307"}],"curies":[{"name":"wp","href":"https:\/\/api.w.org\/{rel}","templated":true}]}}