{"id":25310,"date":"2022-09-14T09:32:38","date_gmt":"2022-09-14T07:32:38","guid":{"rendered":"https:\/\/blogs.elcomercio.es\/reflexiones-de-belarmino\/?p=25310"},"modified":"2022-09-14T09:32:38","modified_gmt":"2022-09-14T07:32:38","slug":"la-tercera-lucha-en-una-semana-de-carlos-iii-contra-el-tintero","status":"publish","type":"post","link":"https:\/\/blogs.elcomercio.es\/reflexiones-de-belarmino\/2022\/09\/14\/la-tercera-lucha-en-una-semana-de-carlos-iii-contra-el-tintero\/","title":{"rendered":"\u00a1\u00a1\u00a1\u00a1LA TERCERA LUCHA EN UNA SEMANA DE CARLOS III&#8230;.CONTRA EL TINTERO !!!"},"content":{"rendered":"<p><strong>Han pasado menos de una semana desde que es rey y\u00a0 Carlos III\u00a0 ya ha empezado con tres luchas que le han cambiado el rostro: contra los tinteros.<\/strong><\/p>\n<p><b>Y ayer, de nuevo el subconsciente\u00a0lo traicion\u00f3\u00a0y surgi\u00f3 el verdadero hombre que es el\u00a0 rey Carlos III..<\/b><\/p>\n<p><b>En el marco de una trasmisi\u00f3n de 24 horas a nivel mundial, con un protocolo tan estricto\u00a0como el de la monarqu\u00eda inglesa, tras las caras serias saludando con Camila a todo aquel que se le cruzaba en el camino, tras el beso que en Londres, le estamp\u00f3\u00a0\u00a0una mujer en plena valla, Carlos III mostr\u00f3 la parte de su personalidad que le deben haber conocido Diana y otras personas cercanas.<\/b><\/p>\n<p><b>Por tercera vez, su rostro no p\u00fablico, apareci\u00f3, esplendido en su particular lucha\u00a0contra&#8230;.los tinteros. La primera vez hab\u00eda ense\u00f1ado los colmillos, pero luego se han producido dos m\u00e1s, hasta que explot\u00f3 ayer, por que al firmar un documento, la pluma le dej\u00f3 caer la tinta en sus dedos, que hizo que se levantase indignado y pidi\u00f3 que le quistasen la tinta ante un enfado y el temblor\u00a0que habr\u00e1\u00a0surgido en el entorno, acostumbrados\u00a0a 70 a\u00f1os de Isabel II.<\/b><\/p>\n<p>&nbsp;<\/p>\n<!-- AddThis Advanced Settings generic via filter on the_content --><!-- AddThis Share Buttons generic via filter on the_content -->","protected":false},"excerpt":{"rendered":"<p>Han pasado menos de una semana desde que es rey y\u00a0 Carlos III\u00a0 ya ha empezado con tres luchas que le han cambiado el rostro: contra los tinteros. Y ayer, de nuevo el subconsciente\u00a0lo traicion\u00f3\u00a0y surgi\u00f3 el verdadero hombre que es el\u00a0 rey Carlos III.. En el marco de una trasmisi\u00f3n de 24 horas a [&hellip;]<!-- AddThis Advanced Settings generic via filter on get_the_excerpt --><!-- AddThis Share Buttons generic via filter on get_the_excerpt --><\/p>\n","protected":false},"author":16,"featured_media":0,"comment_status":"open","ping_status":"closed","sticky":false,"template":"","format":"standard","meta":[],"categories":[1],"tags":[],"_links":{"self":[{"href":"https:\/\/blogs.elcomercio.es\/reflexiones-de-belarmino\/wp-json\/wp\/v2\/posts\/25310"}],"collection":[{"href":"https:\/\/blogs.elcomercio.es\/reflexiones-de-belarmino\/wp-json\/wp\/v2\/posts"}],"about":[{"href":"https:\/\/blogs.elcomercio.es\/reflexiones-de-belarmino\/wp-json\/wp\/v2\/types\/post"}],"author":[{"embeddable":true,"href":"https:\/\/blogs.elcomercio.es\/reflexiones-de-belarmino\/wp-json\/wp\/v2\/users\/16"}],"replies":[{"embeddable":true,"href":"https:\/\/blogs.elcomercio.es\/reflexiones-de-belarmino\/wp-json\/wp\/v2\/comments?post=25310"}],"version-history":[{"count":1,"href":"https:\/\/blogs.elcomercio.es\/reflexiones-de-belarmino\/wp-json\/wp\/v2\/posts\/25310\/revisions"}],"predecessor-version":[{"id":25311,"href":"https:\/\/blogs.elcomercio.es\/reflexiones-de-belarmino\/wp-json\/wp\/v2\/posts\/25310\/revisions\/25311"}],"wp:attachment":[{"href":"https:\/\/blogs.elcomercio.es\/reflexiones-de-belarmino\/wp-json\/wp\/v2\/media?parent=25310"}],"wp:term":[{"taxonomy":"category","embeddable":true,"href":"https:\/\/blogs.elcomercio.es\/reflexiones-de-belarmino\/wp-json\/wp\/v2\/categories?post=25310"},{"taxonomy":"post_tag","embeddable":true,"href":"https:\/\/blogs.elcomercio.es\/reflexiones-de-belarmino\/wp-json\/wp\/v2\/tags?post=25310"}],"curies":[{"name":"wp","href":"https:\/\/api.w.org\/{rel}","templated":true}]}}