{"id":25312,"date":"2022-09-14T09:38:37","date_gmt":"2022-09-14T07:38:37","guid":{"rendered":"https:\/\/blogs.elcomercio.es\/reflexiones-de-belarmino\/?p=25312"},"modified":"2022-09-14T09:38:37","modified_gmt":"2022-09-14T07:38:37","slug":"y-ahora-australia-republicana","status":"publish","type":"post","link":"https:\/\/blogs.elcomercio.es\/reflexiones-de-belarmino\/2022\/09\/14\/y-ahora-australia-republicana\/","title":{"rendered":"\u00a1\u00a1\u00a1\u00a1\u00a1\u00a1&#8230;Y ,AHORA, AUSTRALIA \u00bf REPUBLICANA?!!!!"},"content":{"rendered":"<p><b>En una semana a la confirmaci\u00f3n del refer\u00e9ndum\u00a0de ESCOCIA, y los 6 paises de Am\u00e9rica Latina que ya luchan por ello, se agrega AUSTRALIA, donde la mayor\u00eda, seg\u00fan\u00a0las encuestas, quieren ser rep\u00fablicas, desde Isabel II.<\/b><\/p>\n<p><strong>La realidad de lo que fue el Imperio Brit\u00e1nico, aflorara en el pr\u00f3ximo a\u00f1o.Lo mantuvo Isabel II, por su prestigio, pero ahora es diferente.<\/strong><\/p>\n<p>&nbsp;<\/p>\n<!-- AddThis Advanced Settings generic via filter on the_content --><!-- AddThis Share Buttons generic via filter on the_content -->","protected":false},"excerpt":{"rendered":"<p>En una semana a la confirmaci\u00f3n del refer\u00e9ndum\u00a0de ESCOCIA, y los 6 paises de Am\u00e9rica Latina que ya luchan por ello, se agrega AUSTRALIA, donde la mayor\u00eda, seg\u00fan\u00a0las encuestas, quieren ser rep\u00fablicas, desde Isabel II. La realidad de lo que fue el Imperio Brit\u00e1nico, aflorara en el pr\u00f3ximo a\u00f1o.Lo mantuvo Isabel II, por su prestigio, [&hellip;]<!-- AddThis Advanced Settings generic via filter on get_the_excerpt --><!-- AddThis Share Buttons generic via filter on get_the_excerpt --><\/p>\n","protected":false},"author":16,"featured_media":0,"comment_status":"open","ping_status":"closed","sticky":false,"template":"","format":"standard","meta":[],"categories":[1],"tags":[],"_links":{"self":[{"href":"https:\/\/blogs.elcomercio.es\/reflexiones-de-belarmino\/wp-json\/wp\/v2\/posts\/25312"}],"collection":[{"href":"https:\/\/blogs.elcomercio.es\/reflexiones-de-belarmino\/wp-json\/wp\/v2\/posts"}],"about":[{"href":"https:\/\/blogs.elcomercio.es\/reflexiones-de-belarmino\/wp-json\/wp\/v2\/types\/post"}],"author":[{"embeddable":true,"href":"https:\/\/blogs.elcomercio.es\/reflexiones-de-belarmino\/wp-json\/wp\/v2\/users\/16"}],"replies":[{"embeddable":true,"href":"https:\/\/blogs.elcomercio.es\/reflexiones-de-belarmino\/wp-json\/wp\/v2\/comments?post=25312"}],"version-history":[{"count":1,"href":"https:\/\/blogs.elcomercio.es\/reflexiones-de-belarmino\/wp-json\/wp\/v2\/posts\/25312\/revisions"}],"predecessor-version":[{"id":25313,"href":"https:\/\/blogs.elcomercio.es\/reflexiones-de-belarmino\/wp-json\/wp\/v2\/posts\/25312\/revisions\/25313"}],"wp:attachment":[{"href":"https:\/\/blogs.elcomercio.es\/reflexiones-de-belarmino\/wp-json\/wp\/v2\/media?parent=25312"}],"wp:term":[{"taxonomy":"category","embeddable":true,"href":"https:\/\/blogs.elcomercio.es\/reflexiones-de-belarmino\/wp-json\/wp\/v2\/categories?post=25312"},{"taxonomy":"post_tag","embeddable":true,"href":"https:\/\/blogs.elcomercio.es\/reflexiones-de-belarmino\/wp-json\/wp\/v2\/tags?post=25312"}],"curies":[{"name":"wp","href":"https:\/\/api.w.org\/{rel}","templated":true}]}}