{"id":25314,"date":"2022-09-14T09:42:30","date_gmt":"2022-09-14T07:42:30","guid":{"rendered":"https:\/\/blogs.elcomercio.es\/reflexiones-de-belarmino\/?p=25314"},"modified":"2022-09-14T09:42:30","modified_gmt":"2022-09-14T07:42:30","slug":"arcelor-advierte-que-la-parada-del-horno-altosera-indefinida-y-que-la-situacion-puede-empeorar","status":"publish","type":"post","link":"https:\/\/blogs.elcomercio.es\/reflexiones-de-belarmino\/2022\/09\/14\/arcelor-advierte-que-la-parada-del-horno-altosera-indefinida-y-que-la-situacion-puede-empeorar\/","title":{"rendered":"\u00a1\u00a1\u00a1ARCELOR ADVIERTE QUE LA PARADA DEL HORNO ALTO&#8221;SER\u00c1 INDEFINIDA&#8221; Y QUE LA SITUACI\u00d3N PUEDE EMPEORAR !!"},"content":{"rendered":"<p><b>Sostiene que la crisis est\u00e1 provocando\u00a0&#8220;cambios irreversibles&#8221; y que los planes de descarbonizaci\u00f3n\u00a0 de las plantas est\u00e1n en riesgo.<\/b><\/p>\n<!-- AddThis Advanced Settings generic via filter on the_content --><!-- AddThis Share Buttons generic via filter on the_content -->","protected":false},"excerpt":{"rendered":"<p>Sostiene que la crisis est\u00e1 provocando\u00a0&#8220;cambios irreversibles&#8221; y que los planes de descarbonizaci\u00f3n\u00a0 de las plantas est\u00e1n en riesgo.<!-- AddThis Advanced Settings generic via filter on get_the_excerpt --><!-- AddThis Share Buttons generic via filter on get_the_excerpt --><\/p>\n","protected":false},"author":16,"featured_media":0,"comment_status":"open","ping_status":"closed","sticky":false,"template":"","format":"standard","meta":[],"categories":[1],"tags":[],"_links":{"self":[{"href":"https:\/\/blogs.elcomercio.es\/reflexiones-de-belarmino\/wp-json\/wp\/v2\/posts\/25314"}],"collection":[{"href":"https:\/\/blogs.elcomercio.es\/reflexiones-de-belarmino\/wp-json\/wp\/v2\/posts"}],"about":[{"href":"https:\/\/blogs.elcomercio.es\/reflexiones-de-belarmino\/wp-json\/wp\/v2\/types\/post"}],"author":[{"embeddable":true,"href":"https:\/\/blogs.elcomercio.es\/reflexiones-de-belarmino\/wp-json\/wp\/v2\/users\/16"}],"replies":[{"embeddable":true,"href":"https:\/\/blogs.elcomercio.es\/reflexiones-de-belarmino\/wp-json\/wp\/v2\/comments?post=25314"}],"version-history":[{"count":2,"href":"https:\/\/blogs.elcomercio.es\/reflexiones-de-belarmino\/wp-json\/wp\/v2\/posts\/25314\/revisions"}],"predecessor-version":[{"id":25316,"href":"https:\/\/blogs.elcomercio.es\/reflexiones-de-belarmino\/wp-json\/wp\/v2\/posts\/25314\/revisions\/25316"}],"wp:attachment":[{"href":"https:\/\/blogs.elcomercio.es\/reflexiones-de-belarmino\/wp-json\/wp\/v2\/media?parent=25314"}],"wp:term":[{"taxonomy":"category","embeddable":true,"href":"https:\/\/blogs.elcomercio.es\/reflexiones-de-belarmino\/wp-json\/wp\/v2\/categories?post=25314"},{"taxonomy":"post_tag","embeddable":true,"href":"https:\/\/blogs.elcomercio.es\/reflexiones-de-belarmino\/wp-json\/wp\/v2\/tags?post=25314"}],"curies":[{"name":"wp","href":"https:\/\/api.w.org\/{rel}","templated":true}]}}