{"id":25332,"date":"2022-09-14T17:56:41","date_gmt":"2022-09-14T15:56:41","guid":{"rendered":"https:\/\/blogs.elcomercio.es\/reflexiones-de-belarmino\/?p=25332"},"modified":"2022-09-14T17:56:41","modified_gmt":"2022-09-14T15:56:41","slug":"evo-morales-mujica-la-hija-del-che-y-el-padre-de-assange-invitados-de-honor-al-grito-de-independencia-en-el-zocalo-manana","status":"publish","type":"post","link":"https:\/\/blogs.elcomercio.es\/reflexiones-de-belarmino\/2022\/09\/14\/evo-morales-mujica-la-hija-del-che-y-el-padre-de-assange-invitados-de-honor-al-grito-de-independencia-en-el-zocalo-manana\/","title":{"rendered":"\u00a1\u00a1\u00a1 EVO MORALES, MUJICA, LA HIJA DEL CHE Y EL PADRE DE ASSANGE, INVITADOS DE HONOR AL GRITO DE INDEPENDENCIA EN EL Z\u00d3CALO , MA\u00d1ANA !!!!"},"content":{"rendered":"<p><b>El gran festejo del pueblo mexicano es el 15 de setiembre.Desde el Z\u00f3calo de la ciudad de M\u00e9xico, hasta las cabeceras de los 3,2559 municipios\u00a0del pa\u00eds, a las 11 de la noche, sale el pueblo en todo el pa\u00eds para escuchar el Grito de Independencia y el doblar de las campanas de Dolores, que toc\u00f3\u00a0 el cura Miguel Hidalgo para llamar a la Independencia de Espa\u00f1a.<\/b><\/p>\n<p><b>En el Z\u00f3calo el Grito\u00a0lo da el presidente de la\u00a0Rep\u00fablica, asistido por las voces de 200,000 personas que entre elotes, atole, tacos, aguas de jamaica, familias\u00a0enteras, y en cada una de las 17 delegaciones de la ciudad de M\u00e9xico, la da el Delegado( el autor tuvo ese honor en la Delegaci\u00f3n de Iztacalco) y\u00a0 cada uno de los presidentes municipales en sus plazas repletas, viven la ceremonia.<\/b><\/p>\n<p><strong>Este a\u00f1o, presidir\u00e1n a un lado del presidente L\u00f3pez Obrador, los ex presidentes Evo Morales, Mujica de Uruguay, la hija del Che Guevara y el padre de Juli\u00e1n Assange.<\/strong><\/p>\n<p><b>Ma\u00f1ana fijar\u00e1 el presidente\u00a0de M\u00e9xico su postura\u00a0sobre lo que sucede en Ucrania.<\/b><\/p>\n<p>&nbsp;<\/p>\n<!-- AddThis Advanced Settings generic via filter on the_content --><!-- AddThis Share Buttons generic via filter on the_content -->","protected":false},"excerpt":{"rendered":"<p>El gran festejo del pueblo mexicano es el 15 de setiembre.Desde el Z\u00f3calo de la ciudad de M\u00e9xico, hasta las cabeceras de los 3,2559 municipios\u00a0del pa\u00eds, a las 11 de la noche, sale el pueblo en todo el pa\u00eds para escuchar el Grito de Independencia y el doblar de las campanas de Dolores, que toc\u00f3\u00a0 [&hellip;]<!-- AddThis Advanced Settings generic via filter on get_the_excerpt --><!-- AddThis Share Buttons generic via filter on get_the_excerpt --><\/p>\n","protected":false},"author":16,"featured_media":0,"comment_status":"open","ping_status":"closed","sticky":false,"template":"","format":"standard","meta":[],"categories":[1],"tags":[],"_links":{"self":[{"href":"https:\/\/blogs.elcomercio.es\/reflexiones-de-belarmino\/wp-json\/wp\/v2\/posts\/25332"}],"collection":[{"href":"https:\/\/blogs.elcomercio.es\/reflexiones-de-belarmino\/wp-json\/wp\/v2\/posts"}],"about":[{"href":"https:\/\/blogs.elcomercio.es\/reflexiones-de-belarmino\/wp-json\/wp\/v2\/types\/post"}],"author":[{"embeddable":true,"href":"https:\/\/blogs.elcomercio.es\/reflexiones-de-belarmino\/wp-json\/wp\/v2\/users\/16"}],"replies":[{"embeddable":true,"href":"https:\/\/blogs.elcomercio.es\/reflexiones-de-belarmino\/wp-json\/wp\/v2\/comments?post=25332"}],"version-history":[{"count":1,"href":"https:\/\/blogs.elcomercio.es\/reflexiones-de-belarmino\/wp-json\/wp\/v2\/posts\/25332\/revisions"}],"predecessor-version":[{"id":25333,"href":"https:\/\/blogs.elcomercio.es\/reflexiones-de-belarmino\/wp-json\/wp\/v2\/posts\/25332\/revisions\/25333"}],"wp:attachment":[{"href":"https:\/\/blogs.elcomercio.es\/reflexiones-de-belarmino\/wp-json\/wp\/v2\/media?parent=25332"}],"wp:term":[{"taxonomy":"category","embeddable":true,"href":"https:\/\/blogs.elcomercio.es\/reflexiones-de-belarmino\/wp-json\/wp\/v2\/categories?post=25332"},{"taxonomy":"post_tag","embeddable":true,"href":"https:\/\/blogs.elcomercio.es\/reflexiones-de-belarmino\/wp-json\/wp\/v2\/tags?post=25332"}],"curies":[{"name":"wp","href":"https:\/\/api.w.org\/{rel}","templated":true}]}}